{"id":2931,"date":"2026-09-01T13:25:18","date_gmt":"2026-09-01T11:25:18","guid":{"rendered":"https:\/\/www.tranviasdezaragoza.es\/?p=2931"},"modified":"2026-09-01T13:25:18","modified_gmt":"2026-09-01T11:25:18","slug":"tranvia-24-horas-por-el-festival-vive-latino-las-noches-del-4-y-5-de-septiembre","status":"publish","type":"post","link":"https:\/\/www.tranviasdezaragoza.es\/tranvia-24-horas-por-el-festival-vive-latino-las-noches-del-4-y-5-de-septiembre\/","title":{"rendered":"Tranv\u00eda 24 horas por el festival Vive Latino las noches del 4 y 5 de septiembre"},"content":{"rendered":"<p>Con motivo de la celebraci\u00f3n del festival Vive Latino las noches del viernes 4 y el s\u00e1bado 5 de septiembre, el servicio de tranv\u00eda se mantendr\u00e1 de manera ininterrumpida hasta el d\u00eda siguiente, con el fin de facilitar los desplazamientos por la ciudad.<\/p>\n<p>Asimismo, coincidiendo con el partido que disputan en el Ibercaja Estadio el Real Zaragoza y el Antequera el s\u00e1bado 5 a las 21:00, se ha programado un refuerzo especial a la salida del encuentro, a\u00f1adiendo al servicio habitual dos tranv\u00edas dobles y dos simples.<\/p>\n<p>Es posible consultar horarios concretos, tanto a tiempo real como por fecha, en la <a href=\"https:\/\/www.tranviasdezaragoza.es\/\"><strong>portada<\/strong><\/a>.<\/p>\n","protected":false},"excerpt":{"rendered":"<p>Con motivo de la celebraci\u00f3n del festival Vive Latino las noches del viernes 4 y el s\u00e1bado 5 de septiembre, el servicio de tranv\u00eda se mantendr\u00e1 de manera ininterrumpida hasta el d\u00eda siguiente, con el fin de facilitar los desplazamientos por la ciudad. Asimismo, coincidiendo con el partido que disputan en el Ibercaja Estadio el [&hellip;]<\/p>\n","protected":false},"author":3,"featured_media":0,"comment_status":"closed","ping_status":"closed","sticky":false,"template":"","format":"standard","meta":{"_et_pb_use_builder":"","_et_pb_old_content":"","_et_gb_content_width":"","footnotes":""},"categories":[10,11],"tags":[],"class_list":["post-2931","post","type-post","status-publish","format-standard","hentry","category-home","category-noticias"],"_links":{"self":[{"href":"https:\/\/www.tranviasdezaragoza.es\/api\/wp\/v2\/posts\/2931","targetHints":{"allow":["GET"]}}],"collection":[{"href":"https:\/\/www.tranviasdezaragoza.es\/api\/wp\/v2\/posts"}],"about":[{"href":"https:\/\/www.tranviasdezaragoza.es\/api\/wp\/v2\/types\/post"}],"author":[{"embeddable":true,"href":"https:\/\/www.tranviasdezaragoza.es\/api\/wp\/v2\/users\/3"}],"replies":[{"embeddable":true,"href":"https:\/\/www.tranviasdezaragoza.es\/api\/wp\/v2\/comments?post=2931"}],"version-history":[{"count":1,"href":"https:\/\/www.tranviasdezaragoza.es\/api\/wp\/v2\/posts\/2931\/revisions"}],"predecessor-version":[{"id":2932,"href":"https:\/\/www.tranviasdezaragoza.es\/api\/wp\/v2\/posts\/2931\/revisions\/2932"}],"wp:attachment":[{"href":"https:\/\/www.tranviasdezaragoza.es\/api\/wp\/v2\/media?parent=2931"}],"wp:term":[{"taxonomy":"category","embeddable":true,"href":"https:\/\/www.tranviasdezaragoza.es\/api\/wp\/v2\/categories?post=2931"},{"taxonomy":"post_tag","embeddable":true,"href":"https:\/\/www.tranviasdezaragoza.es\/api\/wp\/v2\/tags?post=2931"}],"curies":[{"name":"wp","href":"https:\/\/api.w.org\/{rel}","templated":true}]}}