{"id":2833,"date":"2026-04-06T16:44:05","date_gmt":"2026-04-06T14:44:05","guid":{"rendered":"https:\/\/www.tranviasdezaragoza.es\/?p=2833"},"modified":"2026-04-06T16:44:05","modified_gmt":"2026-04-06T14:44:05","slug":"afecciones-al-servicio-por-la-maraton-de-zaragoza-el-domingo-12-de-abril","status":"publish","type":"post","link":"https:\/\/www.tranviasdezaragoza.es\/afecciones-al-servicio-por-la-maraton-de-zaragoza-el-domingo-12-de-abril\/","title":{"rendered":"Afecciones al servicio por la Marat\u00f3n de Zaragoza el domingo 12 de abril"},"content":{"rendered":"<p>Con motivo de la celebraci\u00f3n de la Marat\u00f3n de Zaragoza el domingo, 12 de abril, el servicio de tranv\u00eda se ver\u00e1 alterado. Concretamente, el paso de tranv\u00edas estar\u00e1 interrumpido parcialmente de 08:15 a 14:00 en el tramo comprendido entre las paradas de Gran V\u00eda y La Chimenea. El resto de la l\u00ednea funcionar\u00e1 con normalidad.<\/p>\n<p>Estos horarios son susceptibles de variaci\u00f3n. Por favor, consulte horarios a tiempo real a trav\u00e9s de la\u00a0<strong><a href=\"https:\/\/www.tranviasdezaragoza.es\/es\/\" target=\"_self\" rel=\"noopener\">portada<\/a><\/strong>\u00a0o en los c\u00f3digos QR de parada.<\/p>\n","protected":false},"excerpt":{"rendered":"<p>Con motivo de la celebraci\u00f3n de la Marat\u00f3n de Zaragoza el domingo, 12 de abril, el servicio de tranv\u00eda se ver\u00e1 alterado. Concretamente, el paso de tranv\u00edas estar\u00e1 interrumpido parcialmente de 08:15 a 14:00 en el tramo comprendido entre las paradas de Gran V\u00eda y La Chimenea. El resto de la l\u00ednea funcionar\u00e1 con normalidad. [&hellip;]<\/p>\n","protected":false},"author":3,"featured_media":0,"comment_status":"closed","ping_status":"closed","sticky":false,"template":"","format":"standard","meta":{"_et_pb_use_builder":"","_et_pb_old_content":"","_et_gb_content_width":"","footnotes":""},"categories":[11],"tags":[],"class_list":["post-2833","post","type-post","status-publish","format-standard","hentry","category-noticias"],"_links":{"self":[{"href":"https:\/\/www.tranviasdezaragoza.es\/api\/wp\/v2\/posts\/2833","targetHints":{"allow":["GET"]}}],"collection":[{"href":"https:\/\/www.tranviasdezaragoza.es\/api\/wp\/v2\/posts"}],"about":[{"href":"https:\/\/www.tranviasdezaragoza.es\/api\/wp\/v2\/types\/post"}],"author":[{"embeddable":true,"href":"https:\/\/www.tranviasdezaragoza.es\/api\/wp\/v2\/users\/3"}],"replies":[{"embeddable":true,"href":"https:\/\/www.tranviasdezaragoza.es\/api\/wp\/v2\/comments?post=2833"}],"version-history":[{"count":1,"href":"https:\/\/www.tranviasdezaragoza.es\/api\/wp\/v2\/posts\/2833\/revisions"}],"predecessor-version":[{"id":2834,"href":"https:\/\/www.tranviasdezaragoza.es\/api\/wp\/v2\/posts\/2833\/revisions\/2834"}],"wp:attachment":[{"href":"https:\/\/www.tranviasdezaragoza.es\/api\/wp\/v2\/media?parent=2833"}],"wp:term":[{"taxonomy":"category","embeddable":true,"href":"https:\/\/www.tranviasdezaragoza.es\/api\/wp\/v2\/categories?post=2833"},{"taxonomy":"post_tag","embeddable":true,"href":"https:\/\/www.tranviasdezaragoza.es\/api\/wp\/v2\/tags?post=2833"}],"curies":[{"name":"wp","href":"https:\/\/api.w.org\/{rel}","templated":true}]}}