{"id":2691,"date":"2025-09-29T10:54:11","date_gmt":"2025-09-29T08:54:11","guid":{"rendered":"https:\/\/www.tranviasdezaragoza.es\/?p=2691"},"modified":"2025-09-30T18:30:33","modified_gmt":"2025-09-30T16:30:33","slug":"tranvia-24-horas-durante-las-fiestas-del-pilar-2025","status":"publish","type":"post","link":"https:\/\/www.tranviasdezaragoza.es\/tranvia-24-horas-durante-las-fiestas-del-pilar-2025\/","title":{"rendered":"Tranv\u00eda 24 horas durante las Fiestas del Pilar 2025"},"content":{"rendered":"<p>El Tranv\u00eda refuerza sus servicios en las Fiestas del Pilar de este a\u00f1o, con el establecimiento, en horas punta de las fiestas, de frecuencias cada 4 minutos y medio, mejorando las prestaciones para los usuarios respecto a a\u00f1os anteriores.<\/p>\n<p>Desde el viernes 3 al lunes 13 de octubre el Tranv\u00eda de Zaragoza circular\u00e1 de forma ininterrumpida las 24 horas del d\u00eda. Asimismo, ser\u00e1n necesarias una serie de interrupciones parciales del servicio durante los actos festivos. Ser\u00e1n las siguientes:<\/p>\n<table>\n<tbody>\n<tr>\n<td width=\"349\"><strong>D\u00eda<\/strong><\/td>\n<td width=\"132\"><strong>Hora<\/strong><\/td>\n<td width=\"321\"><strong>Tramo sin servicio<\/strong><\/td>\n<\/tr>\n<tr>\n<td rowspan=\"3\" width=\"349\">&nbsp;<\/p>\n<p>S\u00e1bado 4 Octubre (Carrera Polic\u00eda Nacional)<\/p>\n<p>&nbsp;<\/td>\n<td width=\"132\">08:30 \u2013 09:00<\/td>\n<td width=\"321\">Plaza del Pilar \/ Murallas \u2013 Gran V\u00eda<\/td>\n<\/tr>\n<tr>\n<td width=\"132\">09:00 \u2013 11:15<\/td>\n<td width=\"321\">La Chimenea \u2013 Gran V\u00eda<\/td>\n<\/tr>\n<tr>\n<td width=\"132\">11:15 \u2013 12:15<\/td>\n<td width=\"321\">Plaza del Pilar \/ Murallas \u2013 Gran V\u00eda<\/td>\n<\/tr>\n<tr>\n<td width=\"349\">S\u00e1bado 4 Octubre (Preg\u00f3n)<\/td>\n<td width=\"132\">15:30 \u2013 00:00<\/td>\n<td width=\"321\">Plaza del Pilar \/ Murallas \u2013 Gran V\u00eda<\/td>\n<\/tr>\n<tr>\n<td width=\"349\">Jueves 9 Octubre (Marat\u00f3n de Charangas)<\/td>\n<td width=\"132\">18:30 \u2013 21:30<\/td>\n<td width=\"321\">Plaza del Pilar \/ Murallas \u2013 Gran V\u00eda<\/td>\n<\/tr>\n<tr>\n<td width=\"349\">Viernes 10 Octubre<\/td>\n<td width=\"132\">18:30 \u2013 00:00<\/td>\n<td width=\"321\">Plaza del Pilar \/ Murallas \u2013 Gran V\u00eda<\/td>\n<\/tr>\n<tr>\n<td width=\"349\">S\u00e1bado 11 Octubre<\/td>\n<td width=\"132\">18:30 -00:00<\/td>\n<td width=\"321\">Plaza del Pilar \/ Murallas \u2013 Gran V\u00eda<\/td>\n<\/tr>\n<tr>\n<td width=\"349\">Domingo 12 Octubre (Ofrenda de Flores)<\/td>\n<td width=\"132\">05:00 \u2013 00:00<\/td>\n<td width=\"321\">Plaza del Pilar \/ Murallas \u2013 Gran V\u00eda<\/td>\n<\/tr>\n<tr>\n<td width=\"349\">Lunes 13 Octubre (Ofrenda de Frutos)<\/td>\n<td width=\"132\">10:30 \u2013 14:00<\/td>\n<td width=\"321\">Plaza del Pilar \/ Murallas \u2013 Gran V\u00eda<\/td>\n<\/tr>\n<tr>\n<td width=\"349\">Lunes 13 Octubre (Rosario de Cristal)<\/td>\n<td width=\"132\">17:30 \u2013 21:00<\/td>\n<td width=\"321\">Plaza del Pilar \/ Murallas \u2013 Gran V\u00eda<\/td>\n<\/tr>\n<tr>\n<td width=\"349\">Lunes 13 Octubre (Fuegos Artificiales)<\/td>\n<td width=\"132\">21:00 \u2013 23:15<\/td>\n<td width=\"321\">La Chimenea \u2013 Plaza de Espa\u00f1a<\/td>\n<\/tr>\n<\/tbody>\n<\/table>\n<p>Durante las fiestas, se establecer\u00e1n dispositivos especiales en determinados horarios en las paradas Un Americano en Par\u00eds, Mago de Oz, Gran V\u00eda y Plaza del Pilar \u2013 Murallas, con validaci\u00f3n externa, para facilitar el acceso de los usuarios de forma fluida. Asimismo, se refuerza la seguridad y vigilancia tanto en las propias paradas como en los tranv\u00edas, as\u00ed como la limpieza, con servicios diurnos en todas las paradas, con baldeo y limpieza adicional en las m\u00e1s concurridas.<\/p>\n<p>Debido a la alta concentraci\u00f3n de usuarios en algunos momentos, es importante seguir en todo momento las instrucciones de los agentes de seguridad y profesionales del tranv\u00eda.<\/p>\n<p>Puede consultar horarios de paso a tiempo real en la <a href=\"https:\/\/www.tranviasdezaragoza.es\/\"><strong>portada.<\/strong><\/a><\/p>\n","protected":false},"excerpt":{"rendered":"<p>El Tranv\u00eda refuerza sus servicios en las Fiestas del Pilar de este a\u00f1o, con el establecimiento, en horas punta de las fiestas, de frecuencias cada 4 minutos y medio, mejorando las prestaciones para los usuarios respecto a a\u00f1os anteriores. Desde el viernes 3 al lunes 13 de octubre el Tranv\u00eda de Zaragoza circular\u00e1 de forma [&hellip;]<\/p>\n","protected":false},"author":3,"featured_media":2692,"comment_status":"closed","ping_status":"closed","sticky":false,"template":"","format":"standard","meta":{"_et_pb_use_builder":"","_et_pb_old_content":"","_et_gb_content_width":"","footnotes":""},"categories":[10,11],"tags":[],"class_list":["post-2691","post","type-post","status-publish","format-standard","has-post-thumbnail","hentry","category-home","category-noticias"],"_links":{"self":[{"href":"https:\/\/www.tranviasdezaragoza.es\/api\/wp\/v2\/posts\/2691","targetHints":{"allow":["GET"]}}],"collection":[{"href":"https:\/\/www.tranviasdezaragoza.es\/api\/wp\/v2\/posts"}],"about":[{"href":"https:\/\/www.tranviasdezaragoza.es\/api\/wp\/v2\/types\/post"}],"author":[{"embeddable":true,"href":"https:\/\/www.tranviasdezaragoza.es\/api\/wp\/v2\/users\/3"}],"replies":[{"embeddable":true,"href":"https:\/\/www.tranviasdezaragoza.es\/api\/wp\/v2\/comments?post=2691"}],"version-history":[{"count":3,"href":"https:\/\/www.tranviasdezaragoza.es\/api\/wp\/v2\/posts\/2691\/revisions"}],"predecessor-version":[{"id":2695,"href":"https:\/\/www.tranviasdezaragoza.es\/api\/wp\/v2\/posts\/2691\/revisions\/2695"}],"wp:featuredmedia":[{"embeddable":true,"href":"https:\/\/www.tranviasdezaragoza.es\/api\/wp\/v2\/media\/2692"}],"wp:attachment":[{"href":"https:\/\/www.tranviasdezaragoza.es\/api\/wp\/v2\/media?parent=2691"}],"wp:term":[{"taxonomy":"category","embeddable":true,"href":"https:\/\/www.tranviasdezaragoza.es\/api\/wp\/v2\/categories?post=2691"},{"taxonomy":"post_tag","embeddable":true,"href":"https:\/\/www.tranviasdezaragoza.es\/api\/wp\/v2\/tags?post=2691"}],"curies":[{"name":"wp","href":"https:\/\/api.w.org\/{rel}","templated":true}]}}