{"id":2686,"date":"2025-09-19T12:42:16","date_gmt":"2025-09-19T10:42:16","guid":{"rendered":"https:\/\/www.tranviasdezaragoza.es\/?p=2686"},"modified":"2025-09-19T12:42:16","modified_gmt":"2025-09-19T10:42:16","slug":"afecciones-al-tranvia-el-domingo-21-de-septiembre-por-la-carrera-popular-de-bomberos","status":"publish","type":"post","link":"https:\/\/www.tranviasdezaragoza.es\/afecciones-al-tranvia-el-domingo-21-de-septiembre-por-la-carrera-popular-de-bomberos\/","title":{"rendered":"Afecciones al tranv\u00eda el domingo 21 de septiembre por la carrera popular de Bomberos"},"content":{"rendered":"<p>Con motivo de la celebraci\u00f3n de la carrera popular de Bomberos en las calles de Zaragoza el domingo 21 de septiembre, el servicio de Tranv\u00eda se ver\u00e1 afectado puntualmente.<\/p>\n<p>En concreto, est\u00e1 previsto que entre las 09:45 y las 11:00 aproximadamente no se preste servicio entre las paradas La Chimenea y Plaza del Pilar &#8211; Murallas. El resto de la l\u00ednea funcionar\u00e1 con normalidad. Este horario podr\u00eda variar dependiendo del paso de corredores.<\/p>\n<p>Puede informarse de horarios del Tranv\u00eda a tiempo real en la\u00a0<a href=\"https:\/\/www.tranviasdezaragoza.es\/\"><strong>portada.<\/strong><\/a><\/p>\n","protected":false},"excerpt":{"rendered":"<p>Con motivo de la celebraci\u00f3n de la carrera popular de Bomberos en las calles de Zaragoza el domingo 21 de septiembre, el servicio de Tranv\u00eda se ver\u00e1 afectado puntualmente. En concreto, est\u00e1 previsto que entre las 09:45 y las 11:00 aproximadamente no se preste servicio entre las paradas La Chimenea y Plaza del Pilar &#8211; [&hellip;]<\/p>\n","protected":false},"author":3,"featured_media":0,"comment_status":"closed","ping_status":"closed","sticky":false,"template":"","format":"standard","meta":{"_et_pb_use_builder":"","_et_pb_old_content":"","_et_gb_content_width":"","footnotes":""},"categories":[10,11],"tags":[],"class_list":["post-2686","post","type-post","status-publish","format-standard","hentry","category-home","category-noticias"],"_links":{"self":[{"href":"https:\/\/www.tranviasdezaragoza.es\/api\/wp\/v2\/posts\/2686","targetHints":{"allow":["GET"]}}],"collection":[{"href":"https:\/\/www.tranviasdezaragoza.es\/api\/wp\/v2\/posts"}],"about":[{"href":"https:\/\/www.tranviasdezaragoza.es\/api\/wp\/v2\/types\/post"}],"author":[{"embeddable":true,"href":"https:\/\/www.tranviasdezaragoza.es\/api\/wp\/v2\/users\/3"}],"replies":[{"embeddable":true,"href":"https:\/\/www.tranviasdezaragoza.es\/api\/wp\/v2\/comments?post=2686"}],"version-history":[{"count":1,"href":"https:\/\/www.tranviasdezaragoza.es\/api\/wp\/v2\/posts\/2686\/revisions"}],"predecessor-version":[{"id":2687,"href":"https:\/\/www.tranviasdezaragoza.es\/api\/wp\/v2\/posts\/2686\/revisions\/2687"}],"wp:attachment":[{"href":"https:\/\/www.tranviasdezaragoza.es\/api\/wp\/v2\/media?parent=2686"}],"wp:term":[{"taxonomy":"category","embeddable":true,"href":"https:\/\/www.tranviasdezaragoza.es\/api\/wp\/v2\/categories?post=2686"},{"taxonomy":"post_tag","embeddable":true,"href":"https:\/\/www.tranviasdezaragoza.es\/api\/wp\/v2\/tags?post=2686"}],"curies":[{"name":"wp","href":"https:\/\/api.w.org\/{rel}","templated":true}]}}