{"id":2676,"date":"2025-09-09T11:32:23","date_gmt":"2025-09-09T09:32:23","guid":{"rendered":"https:\/\/www.tranviasdezaragoza.es\/?p=2676"},"modified":"2025-09-09T11:32:23","modified_gmt":"2025-09-09T09:32:23","slug":"las-marquesinas-del-tranvia-de-zaragoza-se-convierten-de-nuevo-en-una-gran-galeria-de-arte-al-aire-libre-con-parada-asalto","status":"publish","type":"post","link":"https:\/\/www.tranviasdezaragoza.es\/las-marquesinas-del-tranvia-de-zaragoza-se-convierten-de-nuevo-en-una-gran-galeria-de-arte-al-aire-libre-con-parada-asalto\/","title":{"rendered":"Las marquesinas del tranv\u00eda de Zaragoza se convierten de nuevo en una gran galer\u00eda de arte al aire libre con Parada Asalto"},"content":{"rendered":"<p>Las marquesinas de siete paradas de Tranv\u00edas de Zaragoza se han convertido un a\u00f1o m\u00e1s en una gran exposici\u00f3n al aire libre en una nueva edici\u00f3n de Parada Asalto. Este proyecto, organizado por el Festival Asalto junto al Ayuntamiento de Zaragoza y que fue pionero en Zaragoza al transformar las marquesinas en grandes lienzos, hoy es una cita cultural muy esperada por quienes viajan en tranv\u00eda a diario.<\/p>\n<p>Este a\u00f1o, los artistas zaragozanos Miguel H. Cuar, Luis Gra\u00f1ena, Paula Marco, Elena Momp\u00f3, Ruvitijeras y Marina Velasco exploran las din\u00e1micas de lo que sentimos cuando nos detenemos a mirar: encuentros ef\u00edmeros, las huellas de las personas en los espacios o los gestos cotidianos. Por primera vez, podemos contemplar obras realizadas con t\u00e9cnicas art\u00edsticas como el collage y la pintura al \u00f3leo, que se suman a la ilustraci\u00f3n.<\/p>\n<p>Este martes, 9 de septiembre, el concejal delegado de Movilidad del Ayuntamiento de Zaragoza, Jos\u00e9 Miguel Rodrigo, la consejera de Cultura, Educaci\u00f3n y Turismo, Sara Fern\u00e1ndez, la gerente de Tranv\u00edas de Zaragoza, Ana Moreno y la coordinadora del proyecto, Isabel Tris, han recorrido alguna de las marquesinas, comenzando por las obras de la plaza Arag\u00f3n.<\/p>\n<p>Jos\u00e9 Miguel Rodrigo ha destacado que Parada Asalto \u201cse ha convertido en una cita esperada por los zaragozanos, que alegra su vuelta a la rutina. Adem\u00e1s, en esta ocasi\u00f3n, la tem\u00e1tica elegida hace que sean los propios usuarios del tranv\u00eda los que se convierten en protagonistas, centr\u00e1ndose en su realidad cotidiana\u201d. Por su parte, Sara Fern\u00e1ndez ha subrayado la importancia de este proyecto para acercar la cultura a la ciudadan\u00eda y dar a conocer el trabajo de los artistas de nuestra ciudad.<\/p>\n<p>\u201cEn estas paradas podemos ver la obra de Luis Gra\u00f1ena, el \u00fanico artista que ha repetido en todos estos a\u00f1os y lo hace con un estilo nuevo y muy diferente, con retratos de pintura al \u00f3leo en los que podemos ver rostros de personas que podemos ser cualquiera de nosotros; esta es una de las intenciones que tenemos con Parada Asalto, que todas las personas podamos reconocernos en algunas de las situaciones que describen los artistas participantes\u201d, explica Isabel Tris, coordinadora del proyecto.<\/p>\n<h3>SEIS ARTISTAS ZARAGOZANOS<\/h3>\n<p>Miguel H. Cuar (1987) ha dise\u00f1ado la parada de C\u00e9sar Augusto, donde con una est\u00e9tica pop nos contar\u00e1 la historia cotidiana de una pareja. Paula Marco (1981) convertir\u00e1 las estaciones de Plaza Espa\u00f1a y Carlos V en escenas de una mini comedia humana con gente que espera, que se aburre o que cruza su mirada con los dem\u00e1s. Luis Gra\u00f1ena (1968) colabora en esta ocasi\u00f3n con Parada Asalto en su faceta de pintor en Plaza Arag\u00f3n centr\u00e1ndose en el poder de la mirada, mientras que desde la parada de Gran V\u00eda, Marina Velasco (1997), contrapone los elementos est\u00e1ticos de la ciudad con los habitantes que la transitan, llenando su obra de movimiento. El collage se une a los diferentes estilos presentes en Parada Asalto de la mano de Ruvitijeras (1988), con miradas que se cruzan, circulan y se esquivan sin tocarse en la estaci\u00f3n de Fernando el Cat\u00f3lico. Por \u00faltimo, Elena Momp\u00f3 (1985) retrata Zaragoza en diferentes momentos del d\u00eda, con sus habitantes como protagonistas desde la parada de la plaza San Francisco.<\/p>\n","protected":false},"excerpt":{"rendered":"<p>Las marquesinas de siete paradas de Tranv\u00edas de Zaragoza se han convertido un a\u00f1o m\u00e1s en una gran exposici\u00f3n al aire libre en una nueva edici\u00f3n de Parada Asalto. Este proyecto, organizado por el Festival Asalto junto al Ayuntamiento de Zaragoza y que fue pionero en Zaragoza al transformar las marquesinas en grandes lienzos, hoy [&hellip;]<\/p>\n","protected":false},"author":3,"featured_media":2677,"comment_status":"closed","ping_status":"closed","sticky":false,"template":"","format":"standard","meta":{"_et_pb_use_builder":"","_et_pb_old_content":"","_et_gb_content_width":"","footnotes":""},"categories":[10,11],"tags":[],"class_list":["post-2676","post","type-post","status-publish","format-standard","has-post-thumbnail","hentry","category-home","category-noticias"],"_links":{"self":[{"href":"https:\/\/www.tranviasdezaragoza.es\/api\/wp\/v2\/posts\/2676","targetHints":{"allow":["GET"]}}],"collection":[{"href":"https:\/\/www.tranviasdezaragoza.es\/api\/wp\/v2\/posts"}],"about":[{"href":"https:\/\/www.tranviasdezaragoza.es\/api\/wp\/v2\/types\/post"}],"author":[{"embeddable":true,"href":"https:\/\/www.tranviasdezaragoza.es\/api\/wp\/v2\/users\/3"}],"replies":[{"embeddable":true,"href":"https:\/\/www.tranviasdezaragoza.es\/api\/wp\/v2\/comments?post=2676"}],"version-history":[{"count":1,"href":"https:\/\/www.tranviasdezaragoza.es\/api\/wp\/v2\/posts\/2676\/revisions"}],"predecessor-version":[{"id":2678,"href":"https:\/\/www.tranviasdezaragoza.es\/api\/wp\/v2\/posts\/2676\/revisions\/2678"}],"wp:featuredmedia":[{"embeddable":true,"href":"https:\/\/www.tranviasdezaragoza.es\/api\/wp\/v2\/media\/2677"}],"wp:attachment":[{"href":"https:\/\/www.tranviasdezaragoza.es\/api\/wp\/v2\/media?parent=2676"}],"wp:term":[{"taxonomy":"category","embeddable":true,"href":"https:\/\/www.tranviasdezaragoza.es\/api\/wp\/v2\/categories?post=2676"},{"taxonomy":"post_tag","embeddable":true,"href":"https:\/\/www.tranviasdezaragoza.es\/api\/wp\/v2\/tags?post=2676"}],"curies":[{"name":"wp","href":"https:\/\/api.w.org\/{rel}","templated":true}]}}