{"id":2672,"date":"2025-08-29T09:52:57","date_gmt":"2025-08-29T07:52:57","guid":{"rendered":"https:\/\/www.tranviasdezaragoza.es\/?p=2672"},"modified":"2025-08-29T09:52:57","modified_gmt":"2025-08-29T07:52:57","slug":"tranvia-24-horas-del-5-al-7-de-septiembre-coincidiendo-con-el-festival-vive-latino","status":"publish","type":"post","link":"https:\/\/www.tranviasdezaragoza.es\/tranvia-24-horas-del-5-al-7-de-septiembre-coincidiendo-con-el-festival-vive-latino\/","title":{"rendered":"Tranv\u00eda 24 horas del 5 al 7 de septiembre coincidiendo con el festival Vive Latino"},"content":{"rendered":"<p>Con motivo de la celebraci\u00f3n del festival Vive Latino, el Tranv\u00eda de Zaragoza circular\u00e1 de forma ininterrumpida las 24 horas desde el viernes 5 hasta el domingo 7 de septiembre.<\/p>\n<p>Asimismo, se ha planteado un refuerzo especial el s\u00e1bado 6 de septiembre, coincidiendo con la celebraci\u00f3n del partido Real Zaragoza &#8211; Valladolid a las 18:30 en el Ibercaja Estadio. Tanto a la entrada como a la salida del encuentro, se sumar\u00e1n al servicio convencional dos tranv\u00edas extra.<\/p>\n","protected":false},"excerpt":{"rendered":"<p>Con motivo de la celebraci\u00f3n del festival Vive Latino, el Tranv\u00eda de Zaragoza circular\u00e1 de forma ininterrumpida las 24 horas desde el viernes 5 hasta el domingo 7 de septiembre. Asimismo, se ha planteado un refuerzo especial el s\u00e1bado 6 de septiembre, coincidiendo con la celebraci\u00f3n del partido Real Zaragoza &#8211; Valladolid a las 18:30 [&hellip;]<\/p>\n","protected":false},"author":3,"featured_media":0,"comment_status":"closed","ping_status":"closed","sticky":false,"template":"","format":"standard","meta":{"_et_pb_use_builder":"","_et_pb_old_content":"","_et_gb_content_width":"","footnotes":""},"categories":[10,11],"tags":[],"class_list":["post-2672","post","type-post","status-publish","format-standard","hentry","category-home","category-noticias"],"_links":{"self":[{"href":"https:\/\/www.tranviasdezaragoza.es\/api\/wp\/v2\/posts\/2672","targetHints":{"allow":["GET"]}}],"collection":[{"href":"https:\/\/www.tranviasdezaragoza.es\/api\/wp\/v2\/posts"}],"about":[{"href":"https:\/\/www.tranviasdezaragoza.es\/api\/wp\/v2\/types\/post"}],"author":[{"embeddable":true,"href":"https:\/\/www.tranviasdezaragoza.es\/api\/wp\/v2\/users\/3"}],"replies":[{"embeddable":true,"href":"https:\/\/www.tranviasdezaragoza.es\/api\/wp\/v2\/comments?post=2672"}],"version-history":[{"count":2,"href":"https:\/\/www.tranviasdezaragoza.es\/api\/wp\/v2\/posts\/2672\/revisions"}],"predecessor-version":[{"id":2674,"href":"https:\/\/www.tranviasdezaragoza.es\/api\/wp\/v2\/posts\/2672\/revisions\/2674"}],"wp:attachment":[{"href":"https:\/\/www.tranviasdezaragoza.es\/api\/wp\/v2\/media?parent=2672"}],"wp:term":[{"taxonomy":"category","embeddable":true,"href":"https:\/\/www.tranviasdezaragoza.es\/api\/wp\/v2\/categories?post=2672"},{"taxonomy":"post_tag","embeddable":true,"href":"https:\/\/www.tranviasdezaragoza.es\/api\/wp\/v2\/tags?post=2672"}],"curies":[{"name":"wp","href":"https:\/\/api.w.org\/{rel}","templated":true}]}}