{"id":2665,"date":"2025-08-22T10:28:02","date_gmt":"2025-08-22T08:28:02","guid":{"rendered":"https:\/\/www.tranviasdezaragoza.es\/?p=2665"},"modified":"2025-08-22T10:28:02","modified_gmt":"2025-08-22T08:28:02","slug":"interrupcion-parcial-de-servicio-los-dias-26-y-27-de-agosto-por-reparacion-de-carril","status":"publish","type":"post","link":"https:\/\/www.tranviasdezaragoza.es\/interrupcion-parcial-de-servicio-los-dias-26-y-27-de-agosto-por-reparacion-de-carril\/","title":{"rendered":"Interrupci\u00f3n parcial de servicio los d\u00edas 26 y 27 de agosto por reparaci\u00f3n de carril"},"content":{"rendered":"<p>El servicio en la L\u00ednea 1 del Tranv\u00eda de Zaragoza se ver\u00e1 parcialmente interrumpido los d\u00edas 26 y 27 de agosto debido a una intervenci\u00f3n t\u00e9cnica necesaria relativa a la reparaci\u00f3n de carril en un tramo del Actur.<\/p>\n<p>En concreto, el martes 26 de agosto a partir de las 22:00 y hasta el fin de servicio no circular\u00e1n tranv\u00edas entre las paradas La Chimenea y Legaz Lacambra \/ Adolfo Aznar, con ambos sentidos afectados.<\/p>\n<p>Este mismo tramo estar\u00e1 sin servicio el mi\u00e9rcoles 27 de agosto desde el inicio de la operaci\u00f3n comercial por la ma\u00f1ana y, previsimente, hasta las 07:00.<\/p>\n<p>Mientras duren los trabajos, el tramo afectado estar\u00e1 cubierto en todo momento por un servicio especial de bus. Asimismo, los horarios podr\u00edan variar dependiendo de la evoluci\u00f3n de las labores.<\/p>\n","protected":false},"excerpt":{"rendered":"<p>El servicio en la L\u00ednea 1 del Tranv\u00eda de Zaragoza se ver\u00e1 parcialmente interrumpido los d\u00edas 26 y 27 de agosto debido a una intervenci\u00f3n t\u00e9cnica necesaria relativa a la reparaci\u00f3n de carril en un tramo del Actur. En concreto, el martes 26 de agosto a partir de las 22:00 y hasta el fin de [&hellip;]<\/p>\n","protected":false},"author":3,"featured_media":0,"comment_status":"closed","ping_status":"closed","sticky":false,"template":"","format":"standard","meta":{"_et_pb_use_builder":"","_et_pb_old_content":"","_et_gb_content_width":"","footnotes":""},"categories":[10,11],"tags":[],"class_list":["post-2665","post","type-post","status-publish","format-standard","hentry","category-home","category-noticias"],"_links":{"self":[{"href":"https:\/\/www.tranviasdezaragoza.es\/api\/wp\/v2\/posts\/2665","targetHints":{"allow":["GET"]}}],"collection":[{"href":"https:\/\/www.tranviasdezaragoza.es\/api\/wp\/v2\/posts"}],"about":[{"href":"https:\/\/www.tranviasdezaragoza.es\/api\/wp\/v2\/types\/post"}],"author":[{"embeddable":true,"href":"https:\/\/www.tranviasdezaragoza.es\/api\/wp\/v2\/users\/3"}],"replies":[{"embeddable":true,"href":"https:\/\/www.tranviasdezaragoza.es\/api\/wp\/v2\/comments?post=2665"}],"version-history":[{"count":1,"href":"https:\/\/www.tranviasdezaragoza.es\/api\/wp\/v2\/posts\/2665\/revisions"}],"predecessor-version":[{"id":2666,"href":"https:\/\/www.tranviasdezaragoza.es\/api\/wp\/v2\/posts\/2665\/revisions\/2666"}],"wp:attachment":[{"href":"https:\/\/www.tranviasdezaragoza.es\/api\/wp\/v2\/media?parent=2665"}],"wp:term":[{"taxonomy":"category","embeddable":true,"href":"https:\/\/www.tranviasdezaragoza.es\/api\/wp\/v2\/categories?post=2665"},{"taxonomy":"post_tag","embeddable":true,"href":"https:\/\/www.tranviasdezaragoza.es\/api\/wp\/v2\/tags?post=2665"}],"curies":[{"name":"wp","href":"https:\/\/api.w.org\/{rel}","templated":true}]}}