{"id":2582,"date":"2025-04-08T13:06:38","date_gmt":"2025-04-08T11:06:38","guid":{"rendered":"https:\/\/www.tranviasdezaragoza.es\/?p=2582"},"modified":"2025-04-08T13:06:53","modified_gmt":"2025-04-08T11:06:53","slug":"servicios-especiales-del-tranvia-para-semana-santa-2025","status":"publish","type":"post","link":"https:\/\/www.tranviasdezaragoza.es\/servicios-especiales-del-tranvia-para-semana-santa-2025\/","title":{"rendered":"Servicios especiales del Tranv\u00eda para Semana Santa 2025"},"content":{"rendered":"<p>Como en a\u00f1os anteriores, el Tranv\u00eda de Zaragoza adapta su servicio para Semana Santa, con el fin de ajustarse al paso de procesiones y facilitar al m\u00e1ximo los desplazamientos de los ciudadanos. En el plan de operaci\u00f3n desde el s\u00e1bado 12 de abril al viernes 18 se han establecido una serie de interrupciones que se detallan en este cuadrante:<\/p>\n<table style=\"height: 559px;\" width=\"1308\">\n<tbody>\n<tr style=\"height: 49px;\">\n<td style=\"width: 327.469px; height: 49px;\"><strong>\u00a0<\/strong><\/p>\n<p>&nbsp;<\/p>\n<p><strong>D\u00cdA<\/strong><\/p>\n<p><strong>\u00a0<\/strong><\/td>\n<td style=\"width: 340.797px; height: 49px;\"><strong>\u00a0<\/strong><\/p>\n<p><strong>HORARIO<\/strong><\/td>\n<td style=\"width: 617.734px; height: 49px;\"><strong>\u00a0<\/strong><\/p>\n<p><strong>TRAMO SIN SERVICIO<\/strong><\/td>\n<\/tr>\n<tr style=\"height: 51px;\">\n<td style=\"width: 327.469px; height: 51px;\"><strong>S\u00e1bado 12 abril<\/strong><\/td>\n<td style=\"width: 340.797px; height: 51px;\"><strong>18:00 \u2013 20:00<\/strong><\/td>\n<td style=\"width: 617.734px; height: 51px;\">De C\u00e9sar Augusto a Plaza de Espa\u00f1a<\/td>\n<\/tr>\n<tr style=\"height: 51px;\">\n<td style=\"width: 327.469px; height: 51px;\"><strong>Domingo 13 abril<\/strong><\/td>\n<td style=\"width: 340.797px; height: 51px;\"><strong>12:15 \u2013 13:45<\/strong><\/td>\n<td style=\"width: 617.734px; height: 51px;\">De Plaza del Pilar \u2013 Murallas a Plaza de Espa\u00f1a<\/td>\n<\/tr>\n<tr style=\"height: 51px;\">\n<td style=\"width: 327.469px; height: 51px;\"><strong>Lunes 14 abril<\/strong><\/td>\n<td style=\"width: 340.797px; height: 51px;\"><strong>21:30 \u2013 22:45<\/strong><\/td>\n<td style=\"width: 617.734px; height: 51px;\">De C\u00e9sar Augusto a Plaza de Espa\u00f1a<\/td>\n<\/tr>\n<tr style=\"height: 51px;\">\n<td style=\"width: 327.469px; height: 51px;\"><strong>Martes 15 abril<\/strong><\/td>\n<td style=\"width: 340.797px; height: 51px;\"><strong>21:30 \u2013 23:30<\/strong><\/td>\n<td style=\"width: 617.734px; height: 51px;\">De C\u00e9sar Augusto a Plaza de Espa\u00f1a<\/td>\n<\/tr>\n<tr style=\"height: 51px;\">\n<td style=\"width: 327.469px; height: 153px;\" rowspan=\"3\"><strong>\u00a0<\/strong><\/p>\n<p><strong>Jueves 17 abril<\/strong><\/td>\n<td style=\"width: 340.797px; height: 51px;\"><strong>13:00 \u2013 14:15<\/strong><\/td>\n<td style=\"width: 617.734px; height: 51px;\">De Plaza del Pilar &#8211; Murallas a Gran V\u00eda<\/td>\n<\/tr>\n<tr style=\"height: 51px;\">\n<td style=\"width: 340.797px; height: 51px;\"><strong>17:30 \u2013 23:15<\/strong><\/td>\n<td style=\"width: 617.734px; height: 51px;\">De Plaza del Pilar \u2013 Murallas a Gran V\u00eda<\/td>\n<\/tr>\n<tr style=\"height: 51px;\">\n<td style=\"width: 340.797px; height: 51px;\"><strong>23:15 \u2013 fin de servicio<\/strong><\/td>\n<td style=\"width: 617.734px; height: 51px;\">De Plaza del Pilar \u2013 Murallas a Plaza de Espa\u00f1a<\/td>\n<\/tr>\n<tr style=\"height: 51px;\">\n<td style=\"width: 327.469px; height: 153px;\" rowspan=\"3\"><strong>\u00a0<\/strong><\/p>\n<p><strong>Viernes 18 abril<\/strong><\/td>\n<td style=\"width: 340.797px; height: 51px;\"><strong>14:15 \u2013 15:30<\/strong><\/td>\n<td style=\"width: 617.734px; height: 51px;\">De Plaza del Pilar \u2013 Murallas a Gran V\u00eda<\/td>\n<\/tr>\n<tr style=\"height: 51px;\">\n<td style=\"width: 340.797px; height: 51px;\"><strong>16:00 \u2013 18:30<\/strong><\/td>\n<td style=\"width: 617.734px; height: 51px;\">De Plaza del Pilar \u2013 Murallas a Plaza de Espa\u00f1a<\/td>\n<\/tr>\n<tr style=\"height: 51px;\">\n<td style=\"width: 340.797px; height: 51px;\"><strong>18:30 \u2013 fin de servicio<\/strong><\/td>\n<td style=\"width: 617.734px; height: 51px;\">De Plaza del Pilar Murallas a Gran V\u00eda<\/td>\n<\/tr>\n<\/tbody>\n<\/table>\n<p>Estos horarios son susceptibles de variaci\u00f3n dependiendo del paso de las procesiones.<\/p>\n<p>Respecto a las frecuencias, pueden consultarse a tiempo real en <a href=\"https:\/\/www.tranviasdezaragoza.es\/\"><strong>portada<\/strong><\/a>.<\/p>\n","protected":false},"excerpt":{"rendered":"<p>Como en a\u00f1os anteriores, el Tranv\u00eda de Zaragoza adapta su servicio para Semana Santa, con el fin de ajustarse al paso de procesiones y facilitar al m\u00e1ximo los desplazamientos de los ciudadanos. En el plan de operaci\u00f3n desde el s\u00e1bado 12 de abril al viernes 18 se han establecido una serie de interrupciones que se [&hellip;]<\/p>\n","protected":false},"author":3,"featured_media":0,"comment_status":"closed","ping_status":"closed","sticky":false,"template":"","format":"standard","meta":{"_et_pb_use_builder":"","_et_pb_old_content":"","_et_gb_content_width":"","footnotes":""},"categories":[11],"tags":[],"class_list":["post-2582","post","type-post","status-publish","format-standard","hentry","category-noticias"],"_links":{"self":[{"href":"https:\/\/www.tranviasdezaragoza.es\/api\/wp\/v2\/posts\/2582","targetHints":{"allow":["GET"]}}],"collection":[{"href":"https:\/\/www.tranviasdezaragoza.es\/api\/wp\/v2\/posts"}],"about":[{"href":"https:\/\/www.tranviasdezaragoza.es\/api\/wp\/v2\/types\/post"}],"author":[{"embeddable":true,"href":"https:\/\/www.tranviasdezaragoza.es\/api\/wp\/v2\/users\/3"}],"replies":[{"embeddable":true,"href":"https:\/\/www.tranviasdezaragoza.es\/api\/wp\/v2\/comments?post=2582"}],"version-history":[{"count":1,"href":"https:\/\/www.tranviasdezaragoza.es\/api\/wp\/v2\/posts\/2582\/revisions"}],"predecessor-version":[{"id":2583,"href":"https:\/\/www.tranviasdezaragoza.es\/api\/wp\/v2\/posts\/2582\/revisions\/2583"}],"wp:attachment":[{"href":"https:\/\/www.tranviasdezaragoza.es\/api\/wp\/v2\/media?parent=2582"}],"wp:term":[{"taxonomy":"category","embeddable":true,"href":"https:\/\/www.tranviasdezaragoza.es\/api\/wp\/v2\/categories?post=2582"},{"taxonomy":"post_tag","embeddable":true,"href":"https:\/\/www.tranviasdezaragoza.es\/api\/wp\/v2\/tags?post=2582"}],"curies":[{"name":"wp","href":"https:\/\/api.w.org\/{rel}","templated":true}]}}