{"id":2557,"date":"2025-03-12T13:38:07","date_gmt":"2025-03-12T12:38:07","guid":{"rendered":"https:\/\/www.tranviasdezaragoza.es\/?p=2557"},"modified":"2025-03-12T13:38:07","modified_gmt":"2025-03-12T12:38:07","slug":"afecciones-el-16-de-marzo-por-la-media-maraton-ciudad-de-zaragoza","status":"publish","type":"post","link":"https:\/\/www.tranviasdezaragoza.es\/afecciones-el-16-de-marzo-por-la-media-maraton-ciudad-de-zaragoza\/","title":{"rendered":"Afecciones el 16 de marzo por la Media Marat\u00f3n Ciudad de Zaragoza"},"content":{"rendered":"<p>Debido a la celebraci\u00f3n de la Media Marat\u00f3n Ibercaja &#8211; Ciudad de Zaragoza el domingo, 16 de marzo, el Tranv\u00eda de Zaragoza se ver\u00e1 afectado por la competici\u00f3n. En concreto:<\/p>\n<ul>\n<li>De 08:15 a 11:15: Servicio interrumpido entre paradas La Chimenea y Gran V\u00eda<\/li>\n<\/ul>\n<p>El resto de la linea funcionar\u00e1 con normalidad. El horario de la interrupci\u00f3n podr\u00eda variar ligeramente dependiendo del paso de corredores.<\/p>\n","protected":false},"excerpt":{"rendered":"<p>Debido a la celebraci\u00f3n de la Media Marat\u00f3n Ibercaja &#8211; Ciudad de Zaragoza el domingo, 16 de marzo, el Tranv\u00eda de Zaragoza se ver\u00e1 afectado por la competici\u00f3n. En concreto: De 08:15 a 11:15: Servicio interrumpido entre paradas La Chimenea y Gran V\u00eda El resto de la linea funcionar\u00e1 con normalidad. El horario de la [&hellip;]<\/p>\n","protected":false},"author":3,"featured_media":0,"comment_status":"closed","ping_status":"closed","sticky":false,"template":"","format":"standard","meta":{"_et_pb_use_builder":"","_et_pb_old_content":"","_et_gb_content_width":"","footnotes":""},"categories":[10,11],"tags":[],"class_list":["post-2557","post","type-post","status-publish","format-standard","hentry","category-home","category-noticias"],"_links":{"self":[{"href":"https:\/\/www.tranviasdezaragoza.es\/api\/wp\/v2\/posts\/2557","targetHints":{"allow":["GET"]}}],"collection":[{"href":"https:\/\/www.tranviasdezaragoza.es\/api\/wp\/v2\/posts"}],"about":[{"href":"https:\/\/www.tranviasdezaragoza.es\/api\/wp\/v2\/types\/post"}],"author":[{"embeddable":true,"href":"https:\/\/www.tranviasdezaragoza.es\/api\/wp\/v2\/users\/3"}],"replies":[{"embeddable":true,"href":"https:\/\/www.tranviasdezaragoza.es\/api\/wp\/v2\/comments?post=2557"}],"version-history":[{"count":0,"href":"https:\/\/www.tranviasdezaragoza.es\/api\/wp\/v2\/posts\/2557\/revisions"}],"wp:attachment":[{"href":"https:\/\/www.tranviasdezaragoza.es\/api\/wp\/v2\/media?parent=2557"}],"wp:term":[{"taxonomy":"category","embeddable":true,"href":"https:\/\/www.tranviasdezaragoza.es\/api\/wp\/v2\/categories?post=2557"},{"taxonomy":"post_tag","embeddable":true,"href":"https:\/\/www.tranviasdezaragoza.es\/api\/wp\/v2\/tags?post=2557"}],"curies":[{"name":"wp","href":"https:\/\/api.w.org\/{rel}","templated":true}]}}