{"id":1865,"date":"2023-12-19T16:18:38","date_gmt":"2023-12-19T15:18:38","guid":{"rendered":"https:\/\/www.tranviasdezaragoza.es\/las-bibliotecas-municipales-de-zaragoza-llenan-de-libros-las-paradas-de-los-tranvias-con-la-iniciativa-para-mira-lee\/"},"modified":"2024-05-16T11:55:23","modified_gmt":"2024-05-16T09:55:23","slug":"las-bibliotecas-municipales-de-zaragoza-llenan-de-libros-las-paradas-de-los-tranvias-con-la-iniciativa-para-mira-lee","status":"publish","type":"post","link":"https:\/\/www.tranviasdezaragoza.es\/las-bibliotecas-municipales-de-zaragoza-llenan-de-libros-las-paradas-de-los-tranvias-con-la-iniciativa-para-mira-lee\/","title":{"rendered":"Las Bibliotecas Municipales de Zaragoza llenan de libros las paradas de Los Tranv\u00edas con la iniciativa &#8216;Para, mira, lee&#8217;."},"content":{"rendered":"<p class=\"western\" style=\"box-sizing: border-box; margin-bottom: 0.28cm; color: #202020; font-size: 1.14em !important; line-height: 1.4 !important;\" align=\"justify\"><span style=\"box-sizing: border-box; line-height: 19.152px;\"><span style=\"box-sizing: border-box; font-family: Times New Roman, serif;\"><span style=\"box-sizing: border-box; font-size: medium;\"><span style=\"box-sizing: border-box; font-size: 12pt;\"><span style=\"box-sizing: border-box; font-variant-numeric: normal; font-variant-east-asian: normal; font-variant-alternates: normal; font-variant-position: normal;\"><span style=\"box-sizing: border-box; color: #000000;\"><span style=\"box-sizing: border-box;\"><span style=\"box-sizing: border-box; font-family: Tahoma, sans-serif;\"><span style=\"box-sizing: border-box; font-size: small;\"><span style=\"box-sizing: border-box; font-size: 11pt;\"><span style=\"box-sizing: border-box;\"><span style=\"box-sizing: border-box;\">El Ayuntamiento de Zaragoza estrena un nuevo programa de\u00a0<\/span><\/span><\/span><\/span><\/span><\/span><\/span><\/span><span style=\"box-sizing: border-box; font-variant-numeric: normal; font-variant-east-asian: normal; font-variant-alternates: normal; font-variant-position: normal;\"><span style=\"box-sizing: border-box; color: #000000;\"><span style=\"box-sizing: border-box;\"><span style=\"box-sizing: border-box; font-family: Tahoma, sans-serif;\"><span style=\"box-sizing: border-box; font-size: small;\"><span style=\"box-sizing: border-box; font-size: 11pt;\"><span style=\"box-sizing: border-box;\"><b style=\"box-sizing: border-box;\">fomento de la lectura<\/b><\/span><\/span><\/span><\/span><\/span><\/span><\/span><span style=\"box-sizing: border-box; font-variant-numeric: normal; font-variant-east-asian: normal; font-variant-alternates: normal; font-variant-position: normal;\"><span style=\"box-sizing: border-box; color: #000000;\"><span style=\"box-sizing: border-box;\"><span style=\"box-sizing: border-box; font-family: Tahoma, sans-serif;\"><span style=\"box-sizing: border-box; font-size: small;\"><span style=\"box-sizing: border-box; font-size: 11pt;\"><span style=\"box-sizing: border-box;\"><span style=\"box-sizing: border-box;\">. Las paradas de Los Tranv\u00edas se han transformado en una biblioteca para que los usuarios de este servicio p\u00fablico, tanto mayores como peque\u00f1os, puedan<\/span><\/span><\/span><\/span><\/span><\/span><\/span><\/span><span style=\"box-sizing: border-box; font-variant-numeric: normal; font-variant-east-asian: normal; font-variant-alternates: normal; font-variant-position: normal;\"><span style=\"box-sizing: border-box; color: #000000;\"><span style=\"box-sizing: border-box;\"><span style=\"box-sizing: border-box; font-family: Tahoma, sans-serif;\"><span style=\"box-sizing: border-box; font-size: small;\"><span style=\"box-sizing: border-box; font-size: 11pt;\"><span style=\"box-sizing: border-box;\"><b style=\"box-sizing: border-box;\">\u00a0coger prestado un libro que poder disfrutar tanto en el trayecto como en sus hogares<\/b><\/span><\/span><\/span><\/span><\/span><\/span><\/span><span style=\"box-sizing: border-box; font-variant-numeric: normal; font-variant-east-asian: normal; font-variant-alternates: normal; font-variant-position: normal;\"><span style=\"box-sizing: border-box; color: #000000;\"><span style=\"box-sizing: border-box;\"><span style=\"box-sizing: border-box; font-family: Tahoma, sans-serif;\"><span style=\"box-sizing: border-box; font-size: small;\"><span style=\"box-sizing: border-box; font-size: 11pt;\"><span style=\"box-sizing: border-box;\"><span style=\"box-sizing: border-box;\">.<\/span><\/span><\/span><\/span><\/span><\/span><\/span><\/span><\/span><\/span><\/span><\/span><\/p>\n<p class=\"western\" style=\"box-sizing: border-box; margin-bottom: 0.28cm; color: #202020; font-size: 1.14em !important; line-height: 1.4 !important;\" align=\"justify\"><span style=\"box-sizing: border-box; line-height: 19.152px;\"><span style=\"box-sizing: border-box; font-variant-numeric: normal; font-variant-east-asian: normal; font-variant-alternates: normal; font-variant-position: normal;\"><span style=\"box-sizing: border-box; color: #000000;\"><span style=\"box-sizing: border-box;\"><span style=\"box-sizing: border-box; font-family: Tahoma, sans-serif;\"><span style=\"box-sizing: border-box; font-size: small;\"><span style=\"box-sizing: border-box; font-size: 11pt;\"><span style=\"box-sizing: border-box;\"><span style=\"box-sizing: border-box;\">Esta iniciativa, promovida por el Patronato de Bibliotecas y Educaci\u00f3n, se ha puesto en marcha este martes y se mantendr\u00e1 hasta el 8 de enero. &#8216;Para, Mira, lee&#8217; cuyo lema para esta campa\u00f1a es Leer, el mejor regalo\u00a0<\/span><\/span><\/span><\/span><\/span><\/span><\/span><\/span><span style=\"box-sizing: border-box; font-variant-numeric: normal; font-variant-east-asian: normal; font-variant-alternates: normal; font-variant-position: normal;\"><span style=\"box-sizing: border-box; color: #000000;\"><span style=\"box-sizing: border-box;\"><span style=\"box-sizing: border-box; font-family: Tahoma, sans-serif;\"><span style=\"box-sizing: border-box; font-size: small;\"><span style=\"box-sizing: border-box; font-size: 11pt;\"><span style=\"box-sizing: border-box;\"><b style=\"box-sizing: border-box;\">va a llevar un total de 1.500 libros, especialmente seleccionados por personal t\u00e9cnico bibliotecario del Consistorio\u00a0<\/b><\/span><\/span><\/span><\/span><\/span><\/span><\/span><span style=\"box-sizing: border-box; font-variant-numeric: normal; font-variant-east-asian: normal; font-variant-alternates: normal; font-variant-position: normal;\"><span style=\"box-sizing: border-box; color: #000000;\"><span style=\"box-sizing: border-box;\"><span style=\"box-sizing: border-box; font-family: Tahoma, sans-serif;\"><span style=\"box-sizing: border-box; font-size: small;\"><span style=\"box-sizing: border-box; font-size: 11pt;\"><span style=\"box-sizing: border-box;\"><span style=\"box-sizing: border-box;\">en cinco paradas dobles de Los Tranv\u00edas de la ciudad en donde se instalar\u00e1n puntos de lectura informal.<\/span><\/span><\/span><\/span><\/span><\/span><\/span><\/span><\/span><\/p>\n<p class=\"western\" style=\"box-sizing: border-box; margin-bottom: 0.28cm; color: #202020; font-size: 1.14em !important; line-height: 1.4 !important;\" align=\"justify\"><span style=\"box-sizing: border-box; line-height: 19.152px;\"><span style=\"box-sizing: border-box; font-variant-numeric: normal; font-variant-east-asian: normal; font-variant-alternates: normal; font-variant-position: normal;\"><span style=\"box-sizing: border-box; color: #000000;\"><span style=\"box-sizing: border-box;\"><span style=\"box-sizing: border-box; font-family: Tahoma, sans-serif;\"><span style=\"box-sizing: border-box; font-size: small;\"><span style=\"box-sizing: border-box; font-size: 11pt;\"><span style=\"box-sizing: border-box;\"><span style=\"box-sizing: border-box;\">La firma de este acuerdo entre el Ayuntamiento de Zaragoza y Los Tranv\u00edas nace para ofrecer a los ciudadanos otra alternativa de entretenimiento diferente a los dispositivos electr\u00f3nicos. \u00abSomos el mejor ejemplo para los m\u00e1s peque\u00f1os, si nos ven con un libro en la mano ser\u00e1 m\u00e1s f\u00e1cil que ellos tambi\u00e9n lo cojan\u00bb, ha apuntado la\u00a0<\/span><\/span><\/span><\/span><\/span><\/span><\/span><\/span><span style=\"box-sizing: border-box; font-variant-numeric: normal; font-variant-east-asian: normal; font-variant-alternates: normal; font-variant-position: normal;\"><span style=\"box-sizing: border-box; color: #000000;\"><span style=\"box-sizing: border-box;\"><span style=\"box-sizing: border-box; font-family: Tahoma, sans-serif;\"><span style=\"box-sizing: border-box; font-size: small;\"><span style=\"box-sizing: border-box; font-size: 11pt;\"><span style=\"box-sizing: border-box;\"><b style=\"box-sizing: border-box;\">concejal delegada de Educaci\u00f3n, Paloma Espinosa<\/b><\/span><\/span><\/span><\/span><\/span><\/span><\/span><span style=\"box-sizing: border-box; font-variant-numeric: normal; font-variant-east-asian: normal; font-variant-alternates: normal; font-variant-position: normal;\"><span style=\"box-sizing: border-box; color: #000000;\"><span style=\"box-sizing: border-box;\"><span style=\"box-sizing: border-box; font-family: Tahoma, sans-serif;\"><span style=\"box-sizing: border-box; font-size: small;\"><span style=\"box-sizing: border-box; font-size: 11pt;\"><span style=\"box-sizing: border-box;\"><span style=\"box-sizing: border-box;\">, durante la presentaci\u00f3n del proyecto.<\/span><\/span><\/span><\/span><\/span><\/span><\/span><\/span><\/span><\/p>\n<p class=\"western\" style=\"box-sizing: border-box; margin-bottom: 0.28cm; color: #202020; font-size: 1.14em !important; line-height: 1.4 !important;\" align=\"justify\"><span style=\"box-sizing: border-box; line-height: 19.152px;\"><span style=\"box-sizing: border-box; font-variant-numeric: normal; font-variant-east-asian: normal; font-variant-alternates: normal; font-variant-position: normal;\"><span style=\"box-sizing: border-box; color: #000000;\"><span style=\"box-sizing: border-box;\"><span style=\"box-sizing: border-box; font-family: Tahoma, sans-serif;\"><span style=\"box-sizing: border-box; font-size: small;\"><span style=\"box-sizing: border-box; font-size: 11pt;\"><span style=\"box-sizing: border-box;\"><span style=\"box-sizing: border-box;\">En cada una de las paradas, con decoraci\u00f3n y se\u00f1alizaci\u00f3n especial para la campa\u00f1a, se dispondr\u00e1 de\u00a0<\/span><\/span><\/span><\/span><\/span><\/span><\/span><\/span><span style=\"box-sizing: border-box; font-variant-numeric: normal; font-variant-east-asian: normal; font-variant-alternates: normal; font-variant-position: normal;\"><span style=\"box-sizing: border-box; color: #000000;\"><span style=\"box-sizing: border-box;\"><span style=\"box-sizing: border-box; font-family: Tahoma, sans-serif;\"><span style=\"box-sizing: border-box; font-size: small;\"><span style=\"box-sizing: border-box; font-size: 11pt;\"><span style=\"box-sizing: border-box;\"><b style=\"box-sizing: border-box;\">dos lotes con diez libros para lectores adultos, trece libros infantiles y tres libros informativo<\/b><\/span><\/span><\/span><\/span><\/span><\/span><\/span><span style=\"box-sizing: border-box; font-variant-numeric: normal; font-variant-east-asian: normal; font-variant-alternates: normal; font-variant-position: normal;\"><span style=\"box-sizing: border-box; color: #000000;\"><span style=\"box-sizing: border-box;\"><span style=\"box-sizing: border-box; font-family: Tahoma, sans-serif;\"><span style=\"box-sizing: border-box; font-size: small;\"><span style=\"box-sizing: border-box; font-size: 11pt;\"><span style=\"box-sizing: border-box;\"><span style=\"box-sizing: border-box;\">s, que se ir\u00e1n reponiendo dos veces a la semana, tarea de la que se encargar\u00e1 la empresa Log\u00edstica Social (ATADES).<\/span><\/span><\/span><\/span><\/span><\/span><\/span><\/span><\/span><\/p>\n<p class=\"western\" style=\"box-sizing: border-box; margin-bottom: 0.28cm; color: #202020; font-size: 1.14em !important; line-height: 1.4 !important;\" align=\"justify\"><span style=\"box-sizing: border-box; line-height: 19.152px;\"><span style=\"box-sizing: border-box; font-variant-numeric: normal; font-variant-east-asian: normal; font-variant-alternates: normal; font-variant-position: normal;\"><span style=\"box-sizing: border-box; color: #000000;\"><span style=\"box-sizing: border-box;\"><span style=\"box-sizing: border-box; font-family: Tahoma, sans-serif;\"><span style=\"box-sizing: border-box; font-size: small;\"><span style=\"box-sizing: border-box; font-size: 11pt;\"><span style=\"box-sizing: border-box;\"><span style=\"box-sizing: border-box;\">Los libros estar\u00e1n ubicados en los cajones abiertos de las propias marquesinas de Los Tranv\u00edas en donde los usuarios pueden coger libremente los libros que quieran y\u00a0<\/span><\/span><\/span><\/span><\/span><\/span><\/span><\/span><span style=\"box-sizing: border-box; font-variant-numeric: normal; font-variant-east-asian: normal; font-variant-alternates: normal; font-variant-position: normal;\"><span style=\"box-sizing: border-box; color: #000000;\"><span style=\"box-sizing: border-box;\"><span style=\"box-sizing: border-box; font-family: Tahoma, sans-serif;\"><span style=\"box-sizing: border-box; font-size: small;\"><span style=\"box-sizing: border-box; font-size: 11pt;\"><span style=\"box-sizing: border-box;\"><b style=\"box-sizing: border-box;\">devolverlos all\u00ed mismo cuando los hayan terminado<\/b><\/span><\/span><\/span><\/span><\/span><\/span><\/span><span style=\"box-sizing: border-box; font-variant-numeric: normal; font-variant-east-asian: normal; font-variant-alternates: normal; font-variant-position: normal;\"><span style=\"box-sizing: border-box; color: #000000;\"><span style=\"box-sizing: border-box;\"><span style=\"box-sizing: border-box; font-family: Tahoma, sans-serif;\"><span style=\"box-sizing: border-box; font-size: small;\"><span style=\"box-sizing: border-box; font-size: 11pt;\"><span style=\"box-sizing: border-box;\"><span style=\"box-sizing: border-box;\">. No se trata de pr\u00e9stamos al uso como en una biblioteca, los libros se pueden llevar a casa con la condici\u00f3n de devolverlos de nuevo a una de las paradas habilitadas o, una vez acabadas las fiestas navide\u00f1as, a una biblioteca municipal.<\/span><\/span><\/span><\/span><\/span><\/span><\/span><\/span><\/span><\/p>\n<p class=\"western\" style=\"box-sizing: border-box; margin-bottom: 0.28cm; color: #202020; font-size: 1.14em !important; line-height: 1.4 !important;\" align=\"justify\"><span style=\"box-sizing: border-box; line-height: 19.152px;\"><span style=\"box-sizing: border-box; font-variant-numeric: normal; font-variant-east-asian: normal; font-variant-alternates: normal; font-variant-position: normal;\"><span style=\"box-sizing: border-box; color: #000000;\"><span style=\"box-sizing: border-box;\"><span style=\"box-sizing: border-box; font-family: Tahoma, sans-serif;\"><span style=\"box-sizing: border-box; font-size: small;\"><span style=\"box-sizing: border-box; font-size: 11pt;\"><span style=\"box-sizing: border-box;\"><span style=\"box-sizing: border-box;\">Durante las fechas navide\u00f1as se fomenta mucho m\u00e1s el consumo y las compras y con esta primera campa\u00f1a &#8216;Leer, el mejor regalo&#8217; se ha querido\u00a0<\/span><\/span><\/span><\/span><\/span><\/span><\/span><\/span><span style=\"box-sizing: border-box; font-variant-numeric: normal; font-variant-east-asian: normal; font-variant-alternates: normal; font-variant-position: normal;\"><span style=\"box-sizing: border-box; color: #000000;\"><span style=\"box-sizing: border-box;\"><span style=\"box-sizing: border-box; font-family: Tahoma, sans-serif;\"><span style=\"box-sizing: border-box; font-size: small;\"><span style=\"box-sizing: border-box; font-size: 11pt;\"><span style=\"box-sizing: border-box;\"><b style=\"box-sizing: border-box;\">dar mayor importancia a fomentar la imaginaci\u00f3n y disfrutar de la lectura de forma gratuita\u00a0<\/b><\/span><\/span><\/span><\/span><\/span><\/span><\/span><span style=\"box-sizing: border-box; font-variant-numeric: normal; font-variant-east-asian: normal; font-variant-alternates: normal; font-variant-position: normal;\"><span style=\"box-sizing: border-box; color: #000000;\"><span style=\"box-sizing: border-box;\"><span style=\"box-sizing: border-box; font-family: Tahoma, sans-serif;\"><span style=\"box-sizing: border-box; font-size: small;\"><span style=\"box-sizing: border-box; font-size: 11pt;\"><span style=\"box-sizing: border-box;\"><span style=\"box-sizing: border-box;\">gracias a los servicios municipales.<\/span><\/span><\/span><\/span><\/span><\/span><\/span><\/span><\/span><\/p>\n<p class=\"western\" style=\"box-sizing: border-box; margin-bottom: 0.28cm; color: #202020; font-size: 1.14em !important; line-height: 1.4 !important;\" align=\"justify\"><span style=\"box-sizing: border-box; line-height: 19.152px;\"><span style=\"box-sizing: border-box; font-variant-numeric: normal; font-variant-east-asian: normal; font-variant-alternates: normal; font-variant-position: normal;\"><span style=\"box-sizing: border-box; color: #000000;\"><span style=\"box-sizing: border-box;\"><span style=\"box-sizing: border-box; font-family: Tahoma, sans-serif;\"><span style=\"box-sizing: border-box; font-size: small;\"><span style=\"box-sizing: border-box; font-size: 11pt;\"><span style=\"box-sizing: border-box;\"><b style=\"box-sizing: border-box;\">Dinamizaci\u00f3n y animaci\u00f3n a la lectura en las paradas y en Los Tranv\u00edas<\/b><\/span><\/span><\/span><\/span><\/span><\/span><\/span><\/span><\/p>\n<p class=\"western\" style=\"box-sizing: border-box; margin-bottom: 0.28cm; color: #202020; font-size: 1.14em !important; line-height: 1.4 !important;\" align=\"justify\"><span style=\"box-sizing: border-box; line-height: 19.152px;\"><span style=\"box-sizing: border-box; font-variant-numeric: normal; font-variant-east-asian: normal; font-variant-alternates: normal; font-variant-position: normal;\"><span style=\"box-sizing: border-box; color: #000000;\"><span style=\"box-sizing: border-box;\"><span style=\"box-sizing: border-box; font-family: Tahoma, sans-serif;\"><span style=\"box-sizing: border-box; font-size: small;\"><span style=\"box-sizing: border-box; font-size: 11pt;\"><span style=\"box-sizing: border-box;\"><span style=\"box-sizing: border-box;\">Adem\u00e1s, los d\u00edas 19, 21, 26 y 28 de diciembre los artistas Nuria Charraire, Isabel Ciria, Roberto Malo, Arturlo Peliagudo, Raquel Poblador y Laura Tejero, bajo la coordinaci\u00f3n de la compa\u00f1\u00eda Almozandia,\u00a0<\/span><\/span><\/span><\/span><\/span><\/span><\/span><\/span><span style=\"box-sizing: border-box; font-variant-numeric: normal; font-variant-east-asian: normal; font-variant-alternates: normal; font-variant-position: normal;\"><span style=\"box-sizing: border-box; color: #000000;\"><span style=\"box-sizing: border-box;\"><span style=\"box-sizing: border-box; font-family: Tahoma, sans-serif;\"><span style=\"box-sizing: border-box; font-size: small;\"><span style=\"box-sizing: border-box; font-size: 11pt;\"><span style=\"box-sizing: border-box;\"><b style=\"box-sizing: border-box;\">realizar\u00e1n diferentes animaciones con juegos y cuentos en las paradas con punto de lectura informal y dentro de los vagones<\/b><\/span><\/span><\/span><\/span><\/span><\/span><\/span><span style=\"box-sizing: border-box; font-variant-numeric: normal; font-variant-east-asian: normal; font-variant-alternates: normal; font-variant-position: normal;\"><span style=\"box-sizing: border-box; color: #000000;\"><span style=\"box-sizing: border-box;\"><span style=\"box-sizing: border-box; font-family: Tahoma, sans-serif;\"><span style=\"box-sizing: border-box; font-size: small;\"><span style=\"box-sizing: border-box; font-size: 11pt;\"><span style=\"box-sizing: border-box;\"><span style=\"box-sizing: border-box;\">. Ser\u00e1 por la ma\u00f1ana, de 10.00 a 11.00 horas; y por las tardes, de 17.00 a 18.00 horas.<\/span><\/span><\/span><\/span><\/span><\/span><\/span><\/span><\/span><\/p>\n<p class=\"western\" style=\"box-sizing: border-box; margin-bottom: 0.28cm; color: #202020; font-size: 1.14em !important; line-height: 1.4 !important;\" align=\"justify\"><span style=\"box-sizing: border-box; line-height: 19.152px;\"><span style=\"box-sizing: border-box; font-variant-numeric: normal; font-variant-east-asian: normal; font-variant-alternates: normal; font-variant-position: normal;\"><span style=\"box-sizing: border-box; color: #000000;\"><span style=\"box-sizing: border-box;\"><span style=\"box-sizing: border-box; font-family: Tahoma, sans-serif;\"><span style=\"box-sizing: border-box; font-size: small;\"><span style=\"box-sizing: border-box; font-size: 11pt;\">Esta iniciativa forma parte del proyecto \u00abM\u00e1s que lectura\u00bb, que se inici\u00f3 el a\u00f1o 2022 desde la Red de Bibliotecas para sacar los libros a las calles y llevar la lectura y la literatura a los usuarios de diferentes formas.<\/span><\/span><\/span><\/span><\/span><\/span><\/span><\/p>\n<p class=\"western\" style=\"box-sizing: border-box; margin-bottom: 0.28cm; color: #202020; font-size: 1.14em !important; line-height: 1.4 !important;\" align=\"justify\"><span style=\"box-sizing: border-box; line-height: 19.152px;\"><span style=\"box-sizing: border-box; font-variant-numeric: normal; font-variant-east-asian: normal; font-variant-alternates: normal; font-variant-position: normal;\"><span style=\"box-sizing: border-box; color: #000000;\"><span style=\"box-sizing: border-box;\"><span style=\"box-sizing: border-box; font-family: Tahoma, sans-serif;\"><span style=\"box-sizing: border-box; font-size: small;\"><span style=\"box-sizing: border-box; font-size: 11pt;\"><span style=\"box-sizing: border-box;\"><span style=\"box-sizing: border-box;\">De esta manera, las Bibliotecas P\u00fablicas Municipales contin\u00faan con su objetivo de llevar la lectura a diferentes \u00e1mbitos de la ciudad, hasta ahora coincidiendo con el periodo estival, como por\u00a0<\/span><\/span><\/span><\/span><\/span><\/span><\/span><\/span><span style=\"box-sizing: border-box; font-variant-numeric: normal; font-variant-east-asian: normal; font-variant-alternates: normal; font-variant-position: normal;\"><span style=\"box-sizing: border-box; color: #000000;\"><span style=\"box-sizing: border-box;\"><span style=\"box-sizing: border-box; font-family: Tahoma, sans-serif;\"><span style=\"box-sizing: border-box; font-size: small;\"><span style=\"box-sizing: border-box; font-size: 11pt;\"><span style=\"box-sizing: border-box;\"><b style=\"box-sizing: border-box;\">ejemplo al Parque Grande Jos\u00e9 Antonio Labordeta con el Kiosco de las Letras y a las Piscinas Municipales<\/b><\/span><\/span><\/span><\/span><\/span><\/span><\/span><span style=\"box-sizing: border-box; font-variant-numeric: normal; font-variant-east-asian: normal; font-variant-alternates: normal; font-variant-position: normal;\"><span style=\"box-sizing: border-box; color: #000000;\"><span style=\"box-sizing: border-box;\"><span style=\"box-sizing: border-box; font-family: Tahoma, sans-serif;\"><span style=\"box-sizing: border-box; font-size: small;\"><span style=\"box-sizing: border-box; font-size: 11pt;\"><span style=\"box-sizing: border-box;\"><span style=\"box-sizing: border-box;\">. Ahora, tambi\u00e9n en el transporte p\u00fablico y en Navidad.<\/span><\/span><\/span><\/span><\/span><\/span><\/span><\/span><\/span><\/p>\n<p class=\"western\" style=\"box-sizing: border-box; margin-bottom: 0.28cm; color: #202020; font-size: 1.14em !important; line-height: 1.4 !important;\" align=\"justify\"><span style=\"box-sizing: border-box; line-height: 19.152px;\"><span style=\"box-sizing: border-box; font-variant-numeric: normal; font-variant-east-asian: normal; font-variant-alternates: normal; font-variant-position: normal;\"><span style=\"box-sizing: border-box; color: #000000;\"><span style=\"box-sizing: border-box;\"><span style=\"box-sizing: border-box; font-family: Tahoma, sans-serif;\"><span style=\"box-sizing: border-box; font-size: small;\"><span style=\"box-sizing: border-box; font-size: 11pt;\"><span style=\"box-sizing: border-box;\"><b style=\"box-sizing: border-box;\">Paradas de Los Tranv\u00edas con puntos de lectura &#8216;Para, mira, lee&#8217;<\/b><\/span><\/span><\/span><\/span><\/span><\/span><\/span><\/span><\/p>\n<p class=\"western\" style=\"box-sizing: border-box; margin-bottom: 0.28cm; color: #202020; font-size: 1.14em !important; line-height: 1.4 !important;\" align=\"justify\"><span style=\"box-sizing: border-box; line-height: 19.152px;\"><span style=\"box-sizing: border-box; font-variant-numeric: normal; font-variant-east-asian: normal; font-variant-alternates: normal; font-variant-position: normal;\"><span style=\"box-sizing: border-box; color: #000000;\"><span style=\"box-sizing: border-box;\"><span style=\"box-sizing: border-box; font-family: Tahoma, sans-serif;\"><span style=\"box-sizing: border-box; font-size: small;\"><span style=\"box-sizing: border-box; font-size: 11pt;\">1. Actur:\u00a0Pablo Neruda y Clara Campoamor<\/span><\/span><\/span><\/span><\/span><\/span><\/span><\/p>\n<p class=\"western\" style=\"box-sizing: border-box; margin-bottom: 0.28cm; color: #202020; font-size: 1.14em !important; line-height: 1.4 !important;\" align=\"justify\"><span style=\"box-sizing: border-box; line-height: 19.152px;\"><span style=\"box-sizing: border-box; font-variant-numeric: normal; font-variant-east-asian: normal; font-variant-alternates: normal; font-variant-position: normal;\"><span style=\"box-sizing: border-box; color: #000000;\"><span style=\"box-sizing: border-box;\"><span style=\"box-sizing: border-box; font-family: Tahoma, sans-serif;\"><span style=\"box-sizing: border-box; font-size: small;\"><span style=\"box-sizing: border-box; font-size: 11pt;\">2. C\u00e9sar Augusto<\/span><\/span><\/span><\/span><\/span><\/span><\/span><\/p>\n<p class=\"western\" style=\"box-sizing: border-box; margin-bottom: 0.28cm; color: #202020; font-size: 1.14em !important; line-height: 1.4 !important;\" align=\"justify\"><span style=\"box-sizing: border-box; line-height: 19.152px;\"><span style=\"box-sizing: border-box; font-variant-numeric: normal; font-variant-east-asian: normal; font-variant-alternates: normal; font-variant-position: normal;\"><span style=\"box-sizing: border-box; color: #000000;\"><span style=\"box-sizing: border-box;\"><span style=\"box-sizing: border-box; font-family: Tahoma, sans-serif;\"><span style=\"box-sizing: border-box; font-size: small;\"><span style=\"box-sizing: border-box; font-size: 11pt;\">3. Plaza Arag\u00f3n<\/span><\/span><\/span><\/span><\/span><\/span><\/span><\/p>\n<p class=\"western\" style=\"box-sizing: border-box; margin-bottom: 0.28cm; color: #202020; font-size: 1.14em !important; line-height: 1.4 !important;\" align=\"justify\"><span style=\"box-sizing: border-box; line-height: 19.152px;\"><span style=\"box-sizing: border-box; font-variant-numeric: normal; font-variant-east-asian: normal; font-variant-alternates: normal; font-variant-position: normal;\"><span style=\"box-sizing: border-box; color: #000000;\"><span style=\"box-sizing: border-box;\"><span style=\"box-sizing: border-box; font-family: Tahoma, sans-serif;\"><span style=\"box-sizing: border-box; font-size: small;\"><span style=\"box-sizing: border-box; font-size: 11pt;\">4. Plaza de San Francisco<\/span><\/span><\/span><\/span><\/span><\/span><\/span><\/p>\n<p class=\"western\" style=\"box-sizing: border-box; margin-bottom: 0.28cm; color: #202020; font-size: 1.14em !important; line-height: 1.4 !important;\" align=\"justify\"><span style=\"box-sizing: border-box; line-height: 19.152px;\"><span style=\"box-sizing: border-box; font-variant-numeric: normal; font-variant-east-asian: normal; font-variant-alternates: normal; font-variant-position: normal;\"><span style=\"box-sizing: border-box; color: #000000;\"><span style=\"box-sizing: border-box;\"><span style=\"box-sizing: border-box; font-family: Tahoma, sans-serif;\"><span style=\"box-sizing: border-box; font-size: small;\"><span style=\"box-sizing: border-box; font-size: 11pt;\">5. Los Olvidados<\/span><\/span><\/span><\/span><\/span><\/span><\/span><\/p>\n","protected":false},"excerpt":{"rendered":"<p>Hasta el 8 de enero se llevar\u00e1n un total de 1.500 libros para adultos e infantiles a cinco paradas dobles.<\/p>\n","protected":false},"author":1,"featured_media":0,"comment_status":"closed","ping_status":"closed","sticky":false,"template":"","format":"standard","meta":{"_et_pb_use_builder":"off","_et_pb_old_content":"","_et_gb_content_width":"","footnotes":""},"categories":[11],"tags":[],"class_list":["post-1865","post","type-post","status-publish","format-standard","hentry","category-noticias"],"_links":{"self":[{"href":"https:\/\/www.tranviasdezaragoza.es\/api\/wp\/v2\/posts\/1865","targetHints":{"allow":["GET"]}}],"collection":[{"href":"https:\/\/www.tranviasdezaragoza.es\/api\/wp\/v2\/posts"}],"about":[{"href":"https:\/\/www.tranviasdezaragoza.es\/api\/wp\/v2\/types\/post"}],"author":[{"embeddable":true,"href":"https:\/\/www.tranviasdezaragoza.es\/api\/wp\/v2\/users\/1"}],"replies":[{"embeddable":true,"href":"https:\/\/www.tranviasdezaragoza.es\/api\/wp\/v2\/comments?post=1865"}],"version-history":[{"count":0,"href":"https:\/\/www.tranviasdezaragoza.es\/api\/wp\/v2\/posts\/1865\/revisions"}],"wp:attachment":[{"href":"https:\/\/www.tranviasdezaragoza.es\/api\/wp\/v2\/media?parent=1865"}],"wp:term":[{"taxonomy":"category","embeddable":true,"href":"https:\/\/www.tranviasdezaragoza.es\/api\/wp\/v2\/categories?post=1865"},{"taxonomy":"post_tag","embeddable":true,"href":"https:\/\/www.tranviasdezaragoza.es\/api\/wp\/v2\/tags?post=1865"}],"curies":[{"name":"wp","href":"https:\/\/api.w.org\/{rel}","templated":true}]}}