{"id":1806,"date":"2022-05-17T16:07:04","date_gmt":"2022-05-17T14:07:04","guid":{"rendered":"https:\/\/www.tranviasdezaragoza.es\/zaragoza-centraliza-el-debate-internacional-de-la-movilidad-del-futuro-con-el-congreso-europeo-de-tranvias-2022\/"},"modified":"2022-05-17T16:07:04","modified_gmt":"2022-05-17T14:07:04","slug":"zaragoza-centraliza-el-debate-internacional-de-la-movilidad-del-futuro-con-el-congreso-europeo-de-tranvias-2022","status":"publish","type":"post","link":"https:\/\/www.tranviasdezaragoza.es\/zaragoza-centraliza-el-debate-internacional-de-la-movilidad-del-futuro-con-el-congreso-europeo-de-tranvias-2022\/","title":{"rendered":"Zaragoza centraliza el debate internacional de la Movilidad del futuro con el Congreso Europeo de Tranv\u00edas 2022"},"content":{"rendered":"<p>Zaragoza ha sido elegida, por segundo a&ntilde;o consecutivo, como la <strong>sede para la celebraci&oacute;n del Congreso Europeo de Tranv&iacute;as<\/strong>, el mayor evento dedicado a este medio de transporte en el continente. La cita, que se celebra en el Patio de la Infanta los d&iacute;as 18 y el 19 de mayo, re&uacute;ne a <strong>profesionales de toda Europa<\/strong>, contando este a&ntilde;o adem&aacute;s con la presencia de <strong>Europe&rsquo;s Rail, el organismo de la Comisi&oacute;n Europea para el desarrollo de sistemas ferroviarios en la UE.<\/strong><\/p>\n<p>Organizado por <strong>Mainspring, editora brit&aacute;nica de la revista internacional &lsquo;Tramways and Urban Transit&rsquo;<\/strong>, el Congreso re&uacute;ne a operadores de <strong>tranv&iacute;as de ciudades como Viena, Luxemburgo, Sevilla, M&aacute;laga o Tenerife<\/strong>, empresas de gran relevancia en la industria como <strong>CAF, Bosch o Siemens<\/strong>, y expertos en tranv&iacute;as de pa&iacute;ses como <strong>Suecia, Dinamarca, Alemania o Reino Unido.<\/strong><\/p>\n<h3 style=\"color:#aaa;font-style:italic;\">Retos de las grandes ciudades<\/h3>\n<p>&ldquo;Estamos verdaderamente encantados de traer de nuevo el Congreso Europeo de Tranv&iacute;as a Zaragoza, <strong>un escaparate en el que se van a presentar las &uacute;ltimas tecnolog&iacute;as<\/strong> que dar&aacute;n respuesta a retos como el cambio clim&aacute;tico y la r&aacute;pida urbanizaci&oacute;n de las ciudades&rdquo;, destaca <strong>Matthew Johnston, director general de Mainspring.<\/strong><\/p>\n<p>El certamen, que ser&aacute; <strong>inaugurado este mi&eacute;rcoles 18 de mayo por el alcalde de Zaragoza, Jorge Azc&oacute;n<\/strong>, va a contar con una <strong>presencia muy destacada de la ciudad, que dar&aacute; a conocer los detalles de un nuevo proyecto de innovaci&oacute;n que se va a desarrollar en el tranv&iacute;a.<\/strong><\/p>\n<p>Asimismo, <strong>Zaragoza dar&aacute; a conocer a los asistentes su proyecto Cero Emisiones 2030<\/strong>, de mano de la <strong>consejera de Servicios P&uacute;blicos y Movilidad.<\/strong><\/p>\n<p>Para <strong>Natalia Chueca<\/strong>, &ldquo;la celebraci&oacute;n en Zaragoza de eventos de este tipo, en los que se re&uacute;nen empresas, t&eacute;cnicos y administraciones de primer nivel, es siempre un <strong>motivo de orgullo<\/strong>, ya que es la demostraci&oacute;n del <strong>importante papel que juega nuestra ciudad en el &aacute;mbito de la movilidad sostenible, la innovaci&oacute;n y las nuevas tecnolog&iacute;as<\/strong>&rdquo;. &ldquo;Zaragoza -ha recordado Chueca- es una ciudad abierta y dispuesta a acoger todo tipo de desarrollos que sirvan para mejorar la calidad de vida de las personas, y muy especialmente en todo aquello que tiene que ver con la limitaci&oacute;n de emisiones y la sostenibilidad&rdquo;.<\/p>\n<p>Por su parte, la <strong>gerente del Tranv&iacute;a de Zaragoza, Ana Moreno<\/strong>, explicar&aacute; en su ponencia los <strong>detalles t&eacute;cnicos de las nuevas unidades con las que va a contar Zaragoza con la ayuda de Fondos Europeos<\/strong>. Asimismo, durante el congreso, se van a llevar a cabo <strong>dos visitas t&eacute;cnicas: una a las Cocheras de Valdespartera<\/strong>, para conocer los sistemas que han hecho posible contar con <strong>el primer taller digital de CAF en el mundo<\/strong>, y otra a la <strong>planta de CAF en la avenida Catalu&ntilde;a<\/strong>, donde los asistentes podr&aacute;n ver de primera mano los <strong>nuevos modelos fabricados en Zaragoza para Oslo, Estocolmo, Jerusal&eacute;n y Amberes.<\/strong><\/p>\n<p>&ldquo;El Tranv&iacute;a de Zaragoza ha despertado en la &uacute;ltima d&eacute;cada un <strong>gran inter&eacute;s nacional e internacional<\/strong>, habiendo recibido hasta hoy <strong>visitas de delegaciones de 275 ciudades de 68 pa&iacute;ses<\/strong>&rdquo;, indica la gerente del Tranv&iacute;a de Zaragoza, Ana Moreno. &ldquo;Si ya desde sus comienzos supuso un modelo innovador, <strong>a lo largo de estos a&ntilde;os hemos seguido sumando, de la mano del Ayuntamiento de Zaragoza, nuevos proyectos para dar respuesta a las cambiantes necesidades de los usuarios<\/strong>, con el objetivo de seguir siendo una referencia nacional e internacional&rdquo;, a&ntilde;ade.<\/p>\n<p>El congreso, que cuenta tambi&eacute;n con el <strong>apoyo de Mobility City, de la Fundaci&oacute;n Ibercaja<\/strong>, va a centrar el debate en cuatro pilares fundamentales para los tranv&iacute;as y la movilidad en general en los pr&oacute;ximos a&ntilde;os: <strong>la digitalizaci&oacute;n, la conducci&oacute;n aut&oacute;noma, la seguridad y la sostenibilidad medioambiental.<\/strong><\/p>\n<p>En total, se va a llevar a cabo, a lo largo de los dos d&iacute;as, <strong>un total de 20 ponencias, junto con las dos visitas indicadas y una mesa redonda, as&iacute; como comidas y cenas de <em>networking<\/em>.<\/strong><\/p>\n","protected":false},"excerpt":{"rendered":"<p>Digitalizaci\u00f3n, conducci\u00f3n aut\u00f3noma, seguridad y sostenibilidad medioambiental son los cuatro puntos sobre los que pivota un congreso en el que Zaragoza va a dar a conocer un nuevo proyecto innovador para el tranv\u00eda.<\/p>\n","protected":false},"author":1,"featured_media":0,"comment_status":"open","ping_status":"closed","sticky":false,"template":"","format":"standard","meta":{"_et_pb_use_builder":"","_et_pb_old_content":"","_et_gb_content_width":"","footnotes":""},"categories":[11],"tags":[],"class_list":["post-1806","post","type-post","status-publish","format-standard","hentry","category-noticias"],"_links":{"self":[{"href":"https:\/\/www.tranviasdezaragoza.es\/api\/wp\/v2\/posts\/1806","targetHints":{"allow":["GET"]}}],"collection":[{"href":"https:\/\/www.tranviasdezaragoza.es\/api\/wp\/v2\/posts"}],"about":[{"href":"https:\/\/www.tranviasdezaragoza.es\/api\/wp\/v2\/types\/post"}],"author":[{"embeddable":true,"href":"https:\/\/www.tranviasdezaragoza.es\/api\/wp\/v2\/users\/1"}],"replies":[{"embeddable":true,"href":"https:\/\/www.tranviasdezaragoza.es\/api\/wp\/v2\/comments?post=1806"}],"version-history":[{"count":0,"href":"https:\/\/www.tranviasdezaragoza.es\/api\/wp\/v2\/posts\/1806\/revisions"}],"wp:attachment":[{"href":"https:\/\/www.tranviasdezaragoza.es\/api\/wp\/v2\/media?parent=1806"}],"wp:term":[{"taxonomy":"category","embeddable":true,"href":"https:\/\/www.tranviasdezaragoza.es\/api\/wp\/v2\/categories?post=1806"},{"taxonomy":"post_tag","embeddable":true,"href":"https:\/\/www.tranviasdezaragoza.es\/api\/wp\/v2\/tags?post=1806"}],"curies":[{"name":"wp","href":"https:\/\/api.w.org\/{rel}","templated":true}]}}