{"id":1797,"date":"2022-03-31T17:38:03","date_gmt":"2022-03-31T15:38:03","guid":{"rendered":"https:\/\/www.tranviasdezaragoza.es\/el-tranvia-interrumpira-puntualmente-su-servicio-el-domingo-3-de-abril-con-motivo-de-la-maraton-de-zaragoza\/"},"modified":"2022-03-31T17:38:03","modified_gmt":"2022-03-31T15:38:03","slug":"el-tranvia-interrumpira-puntualmente-su-servicio-el-domingo-3-de-abril-con-motivo-de-la-maraton-de-zaragoza","status":"publish","type":"post","link":"https:\/\/www.tranviasdezaragoza.es\/el-tranvia-interrumpira-puntualmente-su-servicio-el-domingo-3-de-abril-con-motivo-de-la-maraton-de-zaragoza\/","title":{"rendered":"El Tranv\u00eda interrumpir\u00e1 puntualmente su servicio el domingo 3 de abril con motivo de la Marat\u00f3n de Zaragoza"},"content":{"rendered":"<p>Con motivo de la celebraci&oacute;n de la Marat&oacute;n de Zaragoza el pr&oacute;ximo domingo, d&iacute;a 3 de abril, el Tranv&iacute;a ver&aacute; afectado puntualmente su servicio. Concretamente:<\/p>\n<p>&#8211; 08:30 &#8211; 11:00: Servicio interrumpido entre las paradas Gran V&iacute;a y La Chimenea&nbsp;. El resto de la l&iacute;nea funcionar&aacute; con normalidad.<\/p>\n<p>Durante el resto de la jornada, el Tranv&iacute;a circular&aacute; a lo largo de toda la l&iacute;nea con normalidad, con las frecuencias habituales de domingos y festivos.<\/p>\n","protected":false},"excerpt":{"rendered":"<p>Se ver\u00e1 afectado el tramo comprendido entre Gran V\u00eda y La Chimenea.<\/p>\n","protected":false},"author":1,"featured_media":0,"comment_status":"open","ping_status":"closed","sticky":false,"template":"","format":"standard","meta":{"_et_pb_use_builder":"","_et_pb_old_content":"","_et_gb_content_width":"","footnotes":""},"categories":[11],"tags":[],"class_list":["post-1797","post","type-post","status-publish","format-standard","hentry","category-noticias"],"_links":{"self":[{"href":"https:\/\/www.tranviasdezaragoza.es\/api\/wp\/v2\/posts\/1797","targetHints":{"allow":["GET"]}}],"collection":[{"href":"https:\/\/www.tranviasdezaragoza.es\/api\/wp\/v2\/posts"}],"about":[{"href":"https:\/\/www.tranviasdezaragoza.es\/api\/wp\/v2\/types\/post"}],"author":[{"embeddable":true,"href":"https:\/\/www.tranviasdezaragoza.es\/api\/wp\/v2\/users\/1"}],"replies":[{"embeddable":true,"href":"https:\/\/www.tranviasdezaragoza.es\/api\/wp\/v2\/comments?post=1797"}],"version-history":[{"count":0,"href":"https:\/\/www.tranviasdezaragoza.es\/api\/wp\/v2\/posts\/1797\/revisions"}],"wp:attachment":[{"href":"https:\/\/www.tranviasdezaragoza.es\/api\/wp\/v2\/media?parent=1797"}],"wp:term":[{"taxonomy":"category","embeddable":true,"href":"https:\/\/www.tranviasdezaragoza.es\/api\/wp\/v2\/categories?post=1797"},{"taxonomy":"post_tag","embeddable":true,"href":"https:\/\/www.tranviasdezaragoza.es\/api\/wp\/v2\/tags?post=1797"}],"curies":[{"name":"wp","href":"https:\/\/api.w.org\/{rel}","templated":true}]}}