{"id":1796,"date":"2022-03-25T13:59:25","date_gmt":"2022-03-25T12:59:25","guid":{"rendered":"https:\/\/www.tranviasdezaragoza.es\/asi-seran-los-dos-nuevos-convoyes-del-tranvia-de-zaragoza-financiados-con-fondos-europeos\/"},"modified":"2022-03-25T13:59:25","modified_gmt":"2022-03-25T12:59:25","slug":"asi-seran-los-dos-nuevos-convoyes-del-tranvia-de-zaragoza-financiados-con-fondos-europeos","status":"publish","type":"post","link":"https:\/\/www.tranviasdezaragoza.es\/asi-seran-los-dos-nuevos-convoyes-del-tranvia-de-zaragoza-financiados-con-fondos-europeos\/","title":{"rendered":"As\u00ed ser\u00e1n los dos nuevos convoyes del Tranv\u00eda de Zaragoza, financiados con fondos europeos"},"content":{"rendered":"<p>El Gobierno de Zaragoza ha aprobado dar<strong> luz verde a la SEM Los Tranv&iacute;as de Zaragoza&nbsp; para iniciar los tr&aacute;mites para la adquisici&oacute;n, en el seno de la Concesi&oacute;n, de las dos unidades tranviarias que ser&aacute;n sufragadas a trav&eacute;s de los Fondos Europeos<\/strong> concedidos a nuestra ciudad.<\/p>\n<p>Estos veh&iacute;culos, que <strong>se sumar&aacute;n a los 21 que actualmente prestan servicio en la L&iacute;nea 1 del Tranv&iacute;a<\/strong>, servir&aacute;n para <strong>mejorar la calidad del servicio, sobre todo en horas punta<\/strong>, y abrir&aacute;n m&aacute;s posibilidades en el caso de ser necesaria la circulaci&oacute;n con tranv&iacute;as dobles, como se hace habitualmente en algunos horarios de fin de semana y festivos. De hecho, <strong>la consecuci&oacute;n de los&nbsp; fondos europeos ha hecho posible esta mejora sustancial en el servicio<\/strong>, que no hubiera sido factible en circunstancias normales.<\/p>\n<p>Como se recordar&aacute;, la&nbsp;ciudad recibir&aacute; <strong>30,6 millones de euros de los Fondos Europeos gestionados por el MITMA<\/strong> para <strong>renovar su flota de autobuses, electrificar las cocheras y para adquirir dos nuevas unidades de tranv&iacute;a<\/strong>. De esta subvenci&oacute;n, incluida en el programa de ayudas a municipios para la implantaci&oacute;n de zonas de bajas emisiones y la transformaci&oacute;n digital y sostenible del transporte urbano, en el marco del Plan de Recuperaci&oacute;n, Transformaci&oacute;n y Resiliencia, se destinar&aacute;n <strong>8,38 millones de euros<\/strong> para la <strong>adquisici&oacute;n de dos nuevas unidades del Tranv&iacute;a <\/strong>que servir&aacute;n para reforzar el servicio. Esta cantidad supone alrededor del 90% de la inversi&oacute;n prevista.<\/p>\n<p>El <strong>encargo a CAF<\/strong> para la fabricaci&oacute;n de estas nuevas unidades se realizar&aacute;, en todo caso, bajo la <strong>supervisi&oacute;n t&eacute;cnica del Departamento de Planificaci&oacute;n y Dise&ntilde;o<\/strong> <strong>de la Movilidad Urbana del Ayuntamiento de Zaragoza<\/strong>.<\/p>\n<p>El alcalde de Zaragoza, <strong>Jorge Azc&oacute;n<\/strong>, ha ofrecido esta ma&ntilde;ana, en la sede de <strong>Los Tranv&iacute;as de Zaragoza<\/strong>, una rueda de prensa en la que ha anunciado esta <strong>decisi&oacute;n del Gobierno<\/strong>, que se suma a los tr&aacute;mites tambi&eacute;n ya realizados para las <strong>obras de electrificaci&oacute;n de las cocheras del bus urbano<\/strong>, tambi&eacute;n incluidas en los <strong>Fondos Europeos<\/strong>, y que ya est&aacute;n en marcha, y para la compra de <strong>68 nuevos autobuses 100% el&eacute;ctricos<\/strong>.<\/p>\n<p>En esta presentaci&oacute;n, en la que se ha dado asimismo a conocer el <strong>aspecto est&eacute;tico que tendr&aacute;n las nuevas unidades del tranv&iacute;a<\/strong>, han participado tambi&eacute;n la consejera de Servicios P&uacute;blicos y Movilidad, <strong>Natalia<\/strong> <strong>Chueca<\/strong>; la gerente de Los Tranv&iacute;as de Zaragoza, <strong>Ana<\/strong> <strong>Moreno<\/strong>, y <strong>Eduardo<\/strong> <strong>Galve<\/strong>, director del Gabinete de CAF para el mercado nacional.<\/p>\n<h3 style=\"color:#aaa;font-style:italic;\"><strong>LA LLEGADA DEL URBOS 100<\/strong><\/h3>\n<p>Las dos nuevas unidades, que ser&aacute;n fabricadas por <strong>CAF<\/strong> en Zaragoza, se denominan <strong>URBOS<\/strong> <strong>100<\/strong>, en alusi&oacute;n que son cien por cien accesibles. Suponen una <strong>evoluci&oacute;n<\/strong> <strong>tecnol&oacute;gica<\/strong> <strong>respecto<\/strong> <strong>a los actuales<\/strong>, ya que incorporan nuevos elementos una d&eacute;cada despu&eacute;s de la fabricaci&oacute;n del URBOS 3 (las primeras unidades de este modelo se entregaron en Zaragoza en marzo de 2011). Mantienen, no obstante, su misma l&iacute;nea conceptual de confort, dise&ntilde;o, accesibilidad y completas prestaciones para los viajeros. <strong>Las previsiones son que puedan entrar en funcionamiento en el primer semestre de 2024<\/strong>.<\/p>\n<h3 style=\"color:#aaa;font-style:italic;\"><strong>Las principales caracter&iacute;sticas de estos nuevos tranv&iacute;as son:<\/strong><\/h3>\n<p><big><strong>Testero<\/strong><\/big><\/p>\n<p>El testero o parte delantera de los trenes, donde se ubica la cabina de conducci&oacute;n, se ha modificado de acuerdo con la normativa UNE EN 15.227\/2021. Esta modificaci&oacute;n permite mayor capacidad de absorci&oacute;n de la energ&iacute;a de choque, a la vez que incrementa la longitud de la unidad en 692mm. Como consecuencia del mayor tama&ntilde;o del testero se mejora visibilidad y la seguridad en la circulaci&oacute;n en marcha a la vista.<\/p>\n<p><big><strong>M&aacute;s ventanas abatibles para los pasajeros<\/strong><\/big><\/p>\n<p>Los nuevos modelos incorporan dos ventanas abatibles en el m&oacute;dulo suspendido (segundo y cuarto m&oacute;dulo de los cinco que consta el tranv&iacute;a), de tal manera que se incrementa de 4 a 8 las ventanas abatibles sobre las superficies acristaladas del tren, permitiendo en el caso que sea necesario una mayor incorporaci&oacute;n de aire exterior.<\/p>\n<p><big><strong>Ventanas en cabina<\/strong><\/big><\/p>\n<p>Como consecuencia del redise&ntilde;o del testero, la cabina de conducci&oacute;n incorpora una ventana deslizante de mayor tama&ntilde;o que las actuales del URBOS 3, mejorando la seguridad en la conducci&oacute;n. Asimismo, por operatividad con la instalaci&oacute;n en cabina de un armario de sistemas, se reducir&aacute; la superficie acristalada que separa esta de la zona de pasajeros. Esta modificaci&oacute;n no impide en absoluto la visi&oacute;n por parte del conductor, ya que el interior de la zona de pasajeros se visualiza mediante las c&aacute;maras interiores y el monitor correspondiente dentro de la cabina.<\/p>\n<p><big><strong>Eliminaci&oacute;n escal&oacute;n de asiento por el bogie<\/strong><\/big><\/p>\n<p>El redise&ntilde;o interior incluye la eliminaci&oacute;n del escal&oacute;n existente en la zona de asientos del URBOS 3 en el m&oacute;dulo central,&nbsp; lo que mejora la accesibilidad y el confort de los pasajeros. La eliminaci&oacute;n del escal&oacute;n implica la eliminaci&oacute;n de la secci&oacute;n vertical del pavimento que cubre este desnivel.<\/p>\n<p><big><strong>Asientos de pasajeros<\/strong><\/big><\/p>\n<p>Los asientos de los pasajeros se modifican con respecto al URBOS 3. Los nuevos asientos son de Pl&aacute;stico Reforzado con Fibra de Vidrio (PRFV) pintado en color similar al resto de tranv&iacute;as. Se mantienen los espacios reservados para sillas de ruedas. La capacidad de las nuevas unidades es la misma que las unidades actualmente en servicio, con 48 plazas sentadas y las zonas&nbsp; PMR ya existentes.<\/p>\n<p><big><strong>Asideros<\/strong><\/big><\/p>\n<p>La geometr&iacute;a que define los actuales asideros del URBOS 3 se ha redise&ntilde;ado en este nuevo modelo de URBOS 100, aportando nuevos asideros verticales y aumentando las superficies de apoyo para los pasajeros y, por lo tanto,&nbsp; mejorando la seguridad y accesibilidad de los mismos. Los asideros son del mismo color rojo, con el contrastes crom&aacute;ticos ajustados a personas con visi&oacute;n reducida.<\/p>\n<p>Un aspecto importante de la nueva disposici&oacute;n de las barras es el giro de 90&ordm; del asidero central de los m&oacute;dulos S (suspendido, coches 2 y 4).<\/p>\n<p>Los suelos son de caucho, con elevada resistencia al deslizamiento.<\/p>\n<p><big><strong>Nuevos sistemas de almacenamiento el&eacute;ctrico<\/strong><\/big><\/p>\n<p>El equipo de carga ser&aacute; totalmente renovado. El modelo actual, compuesto por ultra capacitores con bater&iacute;as de n&iacute;quel e hidruros met&aacute;licos, se reemplazar&aacute; por nuevos ultra capacitores con bater&iacute;as de ion de litio, que son m&aacute;s livianos y se cargan y descargan m&aacute;s r&aacute;pidamente. Asimismo, se reemplazar&aacute;n las unidades de control y su electr&oacute;nica respecto al modelo anterior.<\/p>\n<p><big><strong>Seis pantallas TFT<\/strong><\/big><\/p>\n<p>El sistema de Informaci&oacute;n al Viajero embarcada se modifica respecto a lo que equipan los URBOS 3. La modificaci&oacute;n responde, por un lado, a la necesidad de adaptar la ubicaci&oacute;n de las pantallas a la nueva distribuci&oacute;n de asideros y, por otro, a la generaci&oacute;n de una superficie apta para la colocaci&oacute;n de pantallas informativas, que ser&aacute;n TFT y de mayor superficie que las actuales.<\/p>\n<p><big><strong>Filtros y ventilaci&oacute;n<\/strong><\/big><\/p>\n<p>Con el aprendizaje adquirido durante la pandemia, las dos nuevas unidades del tranv&iacute;a <strong>incorporan de inicio las medidas de seguridad implementadas progresivamente en los tranv&iacute;as actuales<\/strong>, encaminadas a <strong>mejorar la calidad del aire en el interior del transporte p&uacute;blico<\/strong>. As&iacute;, los <strong>filtros instalados en la climatizaci&oacute;n contar&aacute;n con la homologaci&oacute;n PM2,5<\/strong>, lo que implica un filtrado superior de part&iacute;culas que los convencionales. Del mismo modo, <strong>se incorporar&aacute; el tratamiento de superficies con nanopart&iacute;culas Nanocare<\/strong>, que elimina tanto virus como bacterias y otros microorganismos de asideros, asientos, etc.<\/p>\n<p>Otra de las novedades es que los sistemas de climatizaci&oacute;n contar&aacute;n con sus propios medidores de CO2, lo que permitir&aacute; conocer con precisi&oacute;n su nivel en el aire y comprobar que se mantiene en valores adecuados para los viajeros.<\/p>\n","protected":false},"excerpt":{"rendered":"<p>El Gobierno de Zaragoza ha dado luz verde a la SEM Los Tranv\u00edas de Zaragoza para formalizar con CAF el encargo de los dos nuevos veh\u00edculos.<\/p>\n","protected":false},"author":1,"featured_media":0,"comment_status":"open","ping_status":"closed","sticky":false,"template":"","format":"standard","meta":{"_et_pb_use_builder":"","_et_pb_old_content":"","_et_gb_content_width":"","footnotes":""},"categories":[11],"tags":[],"class_list":["post-1796","post","type-post","status-publish","format-standard","hentry","category-noticias"],"_links":{"self":[{"href":"https:\/\/www.tranviasdezaragoza.es\/api\/wp\/v2\/posts\/1796","targetHints":{"allow":["GET"]}}],"collection":[{"href":"https:\/\/www.tranviasdezaragoza.es\/api\/wp\/v2\/posts"}],"about":[{"href":"https:\/\/www.tranviasdezaragoza.es\/api\/wp\/v2\/types\/post"}],"author":[{"embeddable":true,"href":"https:\/\/www.tranviasdezaragoza.es\/api\/wp\/v2\/users\/1"}],"replies":[{"embeddable":true,"href":"https:\/\/www.tranviasdezaragoza.es\/api\/wp\/v2\/comments?post=1796"}],"version-history":[{"count":0,"href":"https:\/\/www.tranviasdezaragoza.es\/api\/wp\/v2\/posts\/1796\/revisions"}],"wp:attachment":[{"href":"https:\/\/www.tranviasdezaragoza.es\/api\/wp\/v2\/media?parent=1796"}],"wp:term":[{"taxonomy":"category","embeddable":true,"href":"https:\/\/www.tranviasdezaragoza.es\/api\/wp\/v2\/categories?post=1796"},{"taxonomy":"post_tag","embeddable":true,"href":"https:\/\/www.tranviasdezaragoza.es\/api\/wp\/v2\/tags?post=1796"}],"curies":[{"name":"wp","href":"https:\/\/api.w.org\/{rel}","templated":true}]}}