{"id":1760,"date":"2021-09-06T18:01:32","date_gmt":"2021-09-06T16:01:32","guid":{"rendered":"https:\/\/www.tranviasdezaragoza.es\/comunicado-del-tranvia-de-zaragoza-relativo-a-la-huelga-1\/"},"modified":"2021-09-06T18:01:32","modified_gmt":"2021-09-06T16:01:32","slug":"comunicado-del-tranvia-de-zaragoza-relativo-a-la-huelga-1","status":"publish","type":"post","link":"https:\/\/www.tranviasdezaragoza.es\/comunicado-del-tranvia-de-zaragoza-relativo-a-la-huelga-1\/","title":{"rendered":"Comunicado del Tranv\u00eda de Zaragoza relativo a la huelga"},"content":{"rendered":"<p>En primer lugar, lamentamos las afecciones y molestias ocasionadas a los usuarios y a todos los zaragozanos derivadas de una situaci&oacute;n de &iacute;ndole laboral ajena a ellos, m&aacute;s a&uacute;n teniendo en cuenta la actual situaci&oacute;n de pandemia.<\/p>\n<p>El Operador, Tranv&iacute;as Urbanos de Zaragoza, y la Concesionaria, SEM Los Tranv&iacute;as de Zaragoza S.A., no comparten la estrategia del comit&eacute; de empresa de utilizar la huelga como &uacute;nica herramienta de negociaci&oacute;n y rechaza el chantaje a la ciudad que supone la paralizaci&oacute;n de un servicio p&uacute;blico esencial.<\/p>\n<p>Con la extinci&oacute;n del convenio colectivo, el 31 de diciembre de 2018, se iniciaron en enero de 2019 las negociaciones del siguiente. Con este prop&oacute;sito se han celebrado desde entonces m&aacute;s de 60 reuniones con el comit&eacute; de empresa, sin lograr ning&uacute;n tipo de avance relevante.<\/p>\n<p>El 5 de enero de 2021 comienza la primera de las seis convocatorias de paros parciales llevadas a cabo por el comit&eacute; de empresa. Una medida que ha supuesto, hasta la fecha, 271 horas de afecci&oacute;n al servicio por la huelga y la mediaci&oacute;n del SAMA, el Servicio Aragon&eacute;s de Mediaci&oacute;n y Arbitraje. Y que ahora amenaza con recrudecerse con una&nbsp;<strong>s&eacute;ptima convocatoria<\/strong>&nbsp;que afectar&aacute; a&nbsp;<strong>las horas punta del servicio, de lunes a viernes de 6:45 a 9:15 y de 13:00 a 15:30, coincidiendo con el inicio del curso escolar el pr&oacute;ximo 8 de septiembre, cuando los ciudadanos se desplazan a sus centros de trabajo y estudio<\/strong>.<\/p>\n<p>Con el prop&oacute;sito de poner fin a esta situaci&oacute;n y cerrar la firma del convenio colectivo, la empresa en la &uacute;ltima reuni&oacute;n en el SAMA lanz&oacute; una propuesta de preacuerdo que recoge, entre otros, los siguientes puntos clave:<\/p>\n<p>&#8211; Reducci&oacute;n de jornada anual en 8 horas durante 3 a&ntilde;os, hasta alcanzar&nbsp;<strong>al fin del convenio las 1.688h, 24 horas menos<\/strong>&nbsp;que el actual, el equivalente a 3 d&iacute;as de trabajo.<\/p>\n<p>&#8211; Consideraci&oacute;n de los tiempos no efectivos de conductores que pasar&aacute;n a computar como tiempo de trabajo, lo que&nbsp;<strong>supondr&aacute; trabajar de media 4 jornadas menos<\/strong>. Con este punto y el anterior, un conductor, con los cuadrantes actuales, pasar&iacute;a a trabajar 211 d&iacute;as al a&ntilde;o al final de convenio. Esto es el&nbsp;<strong>equivalente a 4,4 d&iacute;as de trabajo a la semana, y una jornada semanal de 35 horas de promedio<\/strong>.<\/p>\n<p>&#8211; Mantenimiento del poder adquisitivo, garantizando revisiones anuales con los IPC reales. Este aspecto es muy relevante, teniendo en cuenta el r&aacute;pido crecimiento del &iacute;ndice en la actualidad, y supone un gran esfuerzo para la compa&ntilde;&iacute;a. No en vano, las previsiones que se manejan hasta el&nbsp;<strong>fin del convenio en 2023 es un<\/strong>&nbsp;<strong>incremento acumulado del 6,8% del IPC<\/strong>.<\/p>\n<p><strong>&#8211; Nueva paga de verano<\/strong>&nbsp;fija, que incluir&iacute;a un plus actualmente variable de 460&euro; vinculado al absentismo, para conformar una paga a final de convenio de 1.260&euro;. Por lo tanto, la no asistencia al puesto de trabajo ya no implica una merma en el salario, y adem&aacute;s se&nbsp;<strong>incrementa el salario en 800&euro;, el equivalente a un 4,3% del salario base<\/strong>.<\/p>\n<p>&#8211; Nuevos pluses de vacaciones y de jornada partida.<\/p>\n<p>&#8211; Incremento de las horas anuales destinadas a formaci&oacute;n.<\/p>\n<p>&#8211; Definici&oacute;n de las categor&iacute;as profesionales y los criterios de promoci&oacute;n interna.<\/p>\n<p>&#8211; Prioridad en la contrataci&oacute;n para el personal eventual<\/p>\n<p>&#8211; Vigencia de convenio hasta 2023, con el objetivo de reforzar&nbsp;<strong>la estabilidad en el empleo<\/strong>.<\/p>\n<p><strong>En definitiva, una propuesta que supone s&oacute;lo en t&eacute;rminos econ&oacute;micos un incremento superior al 10% a la finalizaci&oacute;n del convenio en 2023, al que se a&ntilde;aden todas las mejoras en t&eacute;rminos de reducci&oacute;n de jornada y c&oacute;mputo de tiempos, totalizando un 13,5%, un 6,5% por encima de los IPC&rsquo;s previstos. Distribuido de la siguiente manera&nbsp;<\/strong><strong>2021 IPC+3,2%, 2022 IPC+2,1% y 2023 IPC+1,2%.&nbsp;<\/strong>Estos valores incluyen el coste econ&oacute;mico para la empresa destinado a reducci&oacute;n de jornada y a incremento salarial.<\/p>\n<p><strong>S&oacute;lo para este 2021, teniendo en cuenta las mejoras econ&oacute;micas y de jornada supone una mejora de las condiciones del 5,6%, y para el pr&oacute;ximo a&ntilde;o 2022 de un 4,6%.<\/strong><\/p>\n<p>A modo de ejemplo para la categor&iacute;a de un conductor, trasladando estos valores a t&eacute;rminos absolutos, la empresa realiza un gran esfuerzo, al ofrecer las&nbsp;<strong>siguientes cantidades de variaci&oacute;n respecto a las condiciones actuales<\/strong>, que para el &uacute;ltimo a&ntilde;o de convenio se consolidan:<\/p>\n<table align=\"center\" border=\"1\" cellpadding=\"0\" cellspacing=\"0\">\n<tbody>\n<tr>\n<td style=\"width: 142px;\">\n<p align=\"center\">Mejora para categor&iacute;a conductor<\/p>\n<\/td>\n<td style=\"width: 75px;\">\n<p align=\"center\">2021<\/p>\n<\/td>\n<td style=\"width: 95px;\">\n<p align=\"center\">2022<\/p>\n<\/td>\n<td style=\"width: 95px;\">\n<p align=\"center\">2023<\/p>\n<\/td>\n<\/tr>\n<tr>\n<td style=\"width: 142px;\">\n<p align=\"center\">Econ&oacute;micos<\/p>\n<\/td>\n<td style=\"width: 75px;\">\n<p align=\"center\">1.800&euro;<\/p>\n<\/td>\n<td style=\"width: 95px;\">\n<p align=\"center\">2.050&euro;<\/p>\n<\/td>\n<td style=\"width: 95px;\">\n<p align=\"center\">2.550&euro;<\/p>\n<\/td>\n<\/tr>\n<tr>\n<td style=\"width: 142px;\">\n<p align=\"center\">Jornada<\/p>\n<\/td>\n<td style=\"width: 75px;\">\n<p align=\"center\">-5 d&iacute;as<\/p>\n<\/td>\n<td style=\"width: 95px;\">\n<p align=\"center\">-6 d&iacute;as<\/p>\n<\/td>\n<td style=\"width: 95px;\">\n<p align=\"center\">-7 d&iacute;as<\/p>\n<\/td>\n<\/tr>\n<\/tbody>\n<\/table>\n<div style=\"clear: both;\">&nbsp;<\/div>\n<p align=\"center\">*Con los IPC&rsquo;s previstos por Funcas para dic 2021 y dic 2022 del 3,4% y 1,3%.<\/p>\n<p>De estos datos, se desprende que para el &uacute;ltimo a&ntilde;o de convenio, se plantea una&nbsp;<strong>mejora equivalente a algo m&aacute;s de 200&euro; mensuales y 7 d&iacute;as menos de trabajo al a&ntilde;o<\/strong>.&nbsp; &nbsp; &nbsp; &nbsp; &nbsp; &nbsp; &nbsp; &nbsp; &nbsp; &nbsp; &nbsp; &nbsp; &nbsp; &nbsp; &nbsp; &nbsp; &nbsp; &nbsp; &nbsp; &nbsp;<\/p>\n<p>La propuesta de preacuerdo recoge ampliamente el abanico de demandas del comit&eacute; y supone un importante esfuerzo por parte de la empresa, destinado a cerrar un proceso de negociaci&oacute;n y, sobre todo, a poner fin a la huelga.<\/p>\n<p>Hasta la fecha, el Comit&eacute; de Empresa, dirigido por la mayor&iacute;a formada por el Sindicato Ferroviario, ajeno a la realidad que rodea el transporte p&uacute;blico y la ca&iacute;a de usuarios, ha calificado la propuesta de insuficiente, no ha contemplado a fecha de publicaci&oacute;n de esta nota tan siquiera someter a votaci&oacute;n de los trabajadores la propuesta de la empresa, y sigue manteniendo exigencias econ&oacute;micas inasumibles, utilizando la huelga como &uacute;nica herramienta de negociaci&oacute;n.<\/p>\n<p>Demuestran una vez m&aacute;s, su nula voluntad de negociaci&oacute;n, y toman a la ciudadan&iacute;a como reh&eacute;n para conseguir sus reivindicaciones, en un contexto, de pandemia y de dr&aacute;stica ca&iacute;da de usuarios en el transporte p&uacute;blico.<\/p>\n<p>Promueven unos paros parciales de los d&iacute;as laborables en las horas punta coincidiendo con el curso escolar. Pese a haber trasladado a los medios su rechazo a la propuesta de la empresa, no han convocado a una nueva reuni&oacute;n en el SAMA para trasladar a la empresa su respuesta hasta el 13 de septiembre, demostrando as&iacute; su indiferencia por el futuro de su empresa y el de la ciudadan&iacute;a que se ver&aacute; afectada por la huelga.<\/p>\n<p>El Operador y la Concesionaria de Tranv&iacute;as consideran que la negociaci&oacute;n del convenio colectivo no puede estar marcada por el chantaje a la empresa y el perjuicio al usuario.<\/p>\n<p>Del mismo modo, estiman que la huelga no est&aacute; justificada, dada la evoluci&oacute;n de las condiciones de trabajo y retributivas de sus trabajadores, que, en la actualidad, antes de la firma de un nuevo convenio ya son:<\/p>\n<p>&#8211; Salario medio bruto anual incluyendo todos los pluses de pr&aacute;cticamente 27.000 euros para un trabajador a jornada completa.<\/p>\n<p>&#8211; Con dos per&iacute;odos de vacaciones que juntados a per&iacute;odos de descansos suman m&aacute;s de 40 d&iacute;as.<\/p>\n<p>&#8211; Una media de 4,4 jornadas de trabajo a la semana, y 35 horas.<\/p>\n<p>&#8211; Tiempo medio diario de conducci&oacute;n efectiva de 6h 20 minutos.<\/p>\n<p>&#8211; Durante el per&iacute;odo 2012-2018, el salario del conductor ya creci&oacute; un 22%, cuando el IPC s&oacute;lo lo hizo un 5%.<\/p>\n<p>&#8211; Por la particularidad del servicio de tranv&iacute;a, m&aacute;s all&aacute; del convenio de empresa, no existe un convenio de referencia, pero teniendo en cuenta que el requisito de acceso a la empresa es estar en posesi&oacute;n del carnet de autob&uacute;s, podr&iacute;amos tomar como referencia el convenio provincial de sector transporte viajeros por carretera de Zaragoza, firmado en 2020. El salario base y conceptos fijos de un conductor de tranv&iacute;a es ya en la actualidad un 20% superior. Adem&aacute;s, en Tranv&iacute;as, la jornada anual es de 72 horas menos. Por lo tanto, se encuentran en unas condiciones ya por encima del sector de referencia.<\/p>\n<p>&#8211; Finalmente, otro aspecto muy importante es la estabilidad del empleo para el personal indefinido que trabaja en el Tranv&iacute;a de Zaragoza, que en condiciones normales tiene asegurado su puesto de trabajo hasta su jubilaci&oacute;n.<\/p>\n<p>Es inviable para la empresa seguir con esa evoluci&oacute;n salarial insostenible que exige el comit&eacute; de empresa por la v&iacute;a de la huelga.<\/p>\n<p>El Operador y la Concesionaria de Tranv&iacute;as lamentan profundamente la estrategia del comit&eacute; y su forma de actuar en este proceso, basada &uacute;nicamente en el uso de su capacidad de parar el servicio y perjudicar al ciudadano como herramienta de negociaci&oacute;n, solicitando unas mejoras que no es posible alcanzar en un &uacute;nico convenio, y que llegan en un momento en el que el volumen de usuarios se sit&uacute;a un 30% por debajo de lo que se registraba en 2019, y habiendo cerrado 2020 con un 45% menos de usuarios que en 2019.<\/p>\n","protected":false},"excerpt":{"rendered":"<p>Informaci\u00f3n del Operador, Tranv\u00edas Urbanos de Zaragoza, y la Concesionaria, SEM Los Tranv\u00edas de Zaragoza S.A.<\/p>\n","protected":false},"author":1,"featured_media":0,"comment_status":"open","ping_status":"closed","sticky":false,"template":"","format":"standard","meta":{"_et_pb_use_builder":"","_et_pb_old_content":"","_et_gb_content_width":"","footnotes":""},"categories":[11],"tags":[],"class_list":["post-1760","post","type-post","status-publish","format-standard","hentry","category-noticias"],"_links":{"self":[{"href":"https:\/\/www.tranviasdezaragoza.es\/api\/wp\/v2\/posts\/1760","targetHints":{"allow":["GET"]}}],"collection":[{"href":"https:\/\/www.tranviasdezaragoza.es\/api\/wp\/v2\/posts"}],"about":[{"href":"https:\/\/www.tranviasdezaragoza.es\/api\/wp\/v2\/types\/post"}],"author":[{"embeddable":true,"href":"https:\/\/www.tranviasdezaragoza.es\/api\/wp\/v2\/users\/1"}],"replies":[{"embeddable":true,"href":"https:\/\/www.tranviasdezaragoza.es\/api\/wp\/v2\/comments?post=1760"}],"version-history":[{"count":0,"href":"https:\/\/www.tranviasdezaragoza.es\/api\/wp\/v2\/posts\/1760\/revisions"}],"wp:attachment":[{"href":"https:\/\/www.tranviasdezaragoza.es\/api\/wp\/v2\/media?parent=1760"}],"wp:term":[{"taxonomy":"category","embeddable":true,"href":"https:\/\/www.tranviasdezaragoza.es\/api\/wp\/v2\/categories?post=1760"},{"taxonomy":"post_tag","embeddable":true,"href":"https:\/\/www.tranviasdezaragoza.es\/api\/wp\/v2\/tags?post=1760"}],"curies":[{"name":"wp","href":"https:\/\/api.w.org\/{rel}","templated":true}]}}