{"id":1757,"date":"2021-07-14T21:00:56","date_gmt":"2021-07-14T19:00:56","guid":{"rendered":"https:\/\/www.tranviasdezaragoza.es\/servicios-minimos-para-los-paros-parciales-en-el-tranvia-los-viernes-sabados-y-lunes-a-partir-del-16-de-julio-de-2021-1\/"},"modified":"2021-07-14T21:00:56","modified_gmt":"2021-07-14T19:00:56","slug":"servicios-minimos-para-los-paros-parciales-en-el-tranvia-los-viernes-sabados-y-lunes-a-partir-del-16-de-julio-de-2021-1","status":"publish","type":"post","link":"https:\/\/www.tranviasdezaragoza.es\/servicios-minimos-para-los-paros-parciales-en-el-tranvia-los-viernes-sabados-y-lunes-a-partir-del-16-de-julio-de-2021-1\/","title":{"rendered":"Servicios m\u00ednimos para los paros parciales en el Tranv\u00eda los viernes, s\u00e1bados y lunes a partir del 16 de julio de 2021"},"content":{"rendered":"<p>Con motivo de los<strong>&nbsp;paros parciales&nbsp;<\/strong>convocados por el Comit&eacute; de Empresa de Tranv&iacute;as Urbanos de Zaragoza&nbsp;<strong>todos los viernes, s&aacute;bados y lunes, entre el 16&nbsp;de julio&nbsp;y el 30&nbsp;de agosto&nbsp;de 2021, ambos inclusive<\/strong>, el Gobierno de Zaragoza ha decretado los correspondientes servicios m&iacute;nimos.<\/p>\n<p>Especificados por fechas, estos paros tendr&aacute;n lugar los&nbsp;<strong>d&iacute;as 16, 17, 19, 23, 24, 26, 30 y 31 de julio, y los d&iacute;as 2, 6, 7, 9, 13, 14, 16, 20, 21, 23, 27, 28 y 30 de agosto.<\/strong><\/p>\n<p>En la siguiente tabla se resumen los servicios m&iacute;nimos establecidos:<\/p>\n<table border=\"1\" cellpadding=\"0\" cellspacing=\"0\">\n<tbody>\n<tr>\n<td style=\"width: 111px;\">\n<p align=\"center\">&nbsp;<\/p>\n<\/td>\n<td style=\"width: 151px;\">\n<p align=\"center\">VIERNES<\/p>\n<p align=\"center\">16, 23, 30 julio<\/p>\n<p align=\"center\">6, 13, 20, 27 agosto<\/p>\n<\/td>\n<td style=\"width: 151px;\">\n<p align=\"center\">S&Aacute;BADOS<\/p>\n<p align=\"center\">17, 24, 31 julio<\/p>\n<p align=\"center\">7, 14, 21, 28 agosto<\/p>\n<\/td>\n<td style=\"width: 163px;\">\n<p align=\"center\">LUNES<\/p>\n<p align=\"center\">19, 26 julio<\/p>\n<p align=\"center\">2, 9, 16, 23, 30 agosto<\/p>\n<\/td>\n<\/tr>\n<tr>\n<td style=\"width: 111px;\">\n<p align=\"center\">06:30 &ndash; 09:00<\/p>\n<\/td>\n<td style=\"width: 151px;\">\n<p align=\"center\">&nbsp;<\/p>\n<\/td>\n<td style=\"width: 151px;\">\n<p align=\"center\">&nbsp;<\/p>\n<\/td>\n<td style=\"width: 163px;\">\n<p align=\"center\">50%<\/p>\n<\/td>\n<\/tr>\n<tr>\n<td style=\"width: 111px;\">\n<p align=\"center\">13:00 &ndash; 14:00<\/p>\n<\/td>\n<td style=\"width: 151px;\">\n<p align=\"center\">&nbsp;<\/p>\n<\/td>\n<td style=\"width: 151px;\">\n<p align=\"center\">50%<\/p>\n<\/td>\n<td style=\"width: 163px;\">\n<p align=\"center\">&nbsp;<\/p>\n<\/td>\n<\/tr>\n<tr>\n<td style=\"width: 111px;\">\n<p align=\"center\">20:00 &ndash; 21:00<\/p>\n<\/td>\n<td style=\"width: 151px;\">\n<p align=\"center\">&nbsp;<\/p>\n<\/td>\n<td style=\"width: 151px;\">\n<p align=\"center\">50%<\/p>\n<\/td>\n<td style=\"width: 163px;\">\n<p align=\"center\">&nbsp;<\/p>\n<\/td>\n<\/tr>\n<tr>\n<td style=\"width: 111px;\">\n<p align=\"center\">22:00 &ndash; 00:30<\/p>\n<\/td>\n<td style=\"width: 151px;\">\n<p align=\"center\">30%<\/p>\n<\/td>\n<td style=\"width: 151px;\">\n<p align=\"center\">&nbsp;<\/p>\n<\/td>\n<td style=\"width: 163px;\">\n<p align=\"center\">&nbsp;<\/p>\n<\/td>\n<\/tr>\n<\/tbody>\n<\/table>\n<p>&nbsp;<\/p>\n<p>El Puesto de Control (PCC) deber&aacute; quedar atendido en todo momento, por lo que mantendr&aacute; el&nbsp;<strong>100% de servicios m&iacute;nimos.<\/strong><\/p>\n<p>Por su parte, y para garantizar la presencia de personal de inspecci&oacute;n ante cualquier incidencia que pudiera surgir en el servicio, se han decretado&nbsp;<strong>servicios m&iacute;nimos del 75% o de al menos 3 inspectores.<\/strong><\/p>\n<p>Finalmente, para el servicio de&nbsp;<strong>Atenci&oacute;n al Cliente se ha establecido 50% de servicios m&iacute;nimos o de, al menos, 2 personas de atenci&oacute;n al cliente<\/strong>&nbsp;(una persona en cada uno de los puestos, Gran V&iacute;a y Valdespartera).<\/p>\n","protected":false},"excerpt":{"rendered":"<p>Estos paros parciales se producir\u00e1n hasta el 30 de agosto de no alcanzarse un acuerdo con antelaci\u00f3n.<\/p>\n","protected":false},"author":1,"featured_media":0,"comment_status":"open","ping_status":"closed","sticky":false,"template":"","format":"standard","meta":{"_et_pb_use_builder":"","_et_pb_old_content":"","_et_gb_content_width":"","footnotes":""},"categories":[11],"tags":[],"class_list":["post-1757","post","type-post","status-publish","format-standard","hentry","category-noticias"],"_links":{"self":[{"href":"https:\/\/www.tranviasdezaragoza.es\/api\/wp\/v2\/posts\/1757","targetHints":{"allow":["GET"]}}],"collection":[{"href":"https:\/\/www.tranviasdezaragoza.es\/api\/wp\/v2\/posts"}],"about":[{"href":"https:\/\/www.tranviasdezaragoza.es\/api\/wp\/v2\/types\/post"}],"author":[{"embeddable":true,"href":"https:\/\/www.tranviasdezaragoza.es\/api\/wp\/v2\/users\/1"}],"replies":[{"embeddable":true,"href":"https:\/\/www.tranviasdezaragoza.es\/api\/wp\/v2\/comments?post=1757"}],"version-history":[{"count":0,"href":"https:\/\/www.tranviasdezaragoza.es\/api\/wp\/v2\/posts\/1757\/revisions"}],"wp:attachment":[{"href":"https:\/\/www.tranviasdezaragoza.es\/api\/wp\/v2\/media?parent=1757"}],"wp:term":[{"taxonomy":"category","embeddable":true,"href":"https:\/\/www.tranviasdezaragoza.es\/api\/wp\/v2\/categories?post=1757"},{"taxonomy":"post_tag","embeddable":true,"href":"https:\/\/www.tranviasdezaragoza.es\/api\/wp\/v2\/tags?post=1757"}],"curies":[{"name":"wp","href":"https:\/\/api.w.org\/{rel}","templated":true}]}}