{"id":1750,"date":"2021-03-05T11:37:49","date_gmt":"2021-03-05T10:37:49","guid":{"rendered":"https:\/\/www.tranviasdezaragoza.es\/servicios-minimos-en-el-transporte-publico-para-la-jornada-de-huelga-convocada-con-motivo-del-8-m\/"},"modified":"2021-03-05T11:37:49","modified_gmt":"2021-03-05T10:37:49","slug":"servicios-minimos-en-el-transporte-publico-para-la-jornada-de-huelga-convocada-con-motivo-del-8-m","status":"publish","type":"post","link":"https:\/\/www.tranviasdezaragoza.es\/servicios-minimos-en-el-transporte-publico-para-la-jornada-de-huelga-convocada-con-motivo-del-8-m\/","title":{"rendered":"Servicios m\u00ednimos en el transporte p\u00fablico para la jornada de huelga convocada con motivo del 8-M"},"content":{"rendered":"<p>El Ayuntamiento de Zaragoza, a trav&eacute;s de un Decreto firmado por la vicealcaldesa de la ciudad, Sara Fern&aacute;ndez, ha establecido los servicios m&iacute;nimos en el transporte p&uacute;blico para la jornada de huelga general convocada para el lunes, 8 de marzo,&nbsp;con motivo de la conmemoraci&oacute;n del 8-M.<\/p>\n<p>Estos servicios se han establecido teniendo en cuenta las actuales circunstancias de crisis sanitaria, las restricciones establecidas por el Gobierno de Arag&oacute;n en materia de aforos, la necesidad de la realizaci&oacute;n de desplazamientos&nbsp; necesarios. Tambi&eacute;n se ha tenido en cuenta el hecho de que, finalmente, el lunes no ser&aacute; d&iacute;a lectivo en colegios e institutos.<\/p>\n<p>As&iacute;, los servicios m&iacute;nimos ser&aacute;n los siguientes:<\/p>\n<p>&#8211; En el <strong>tranv&iacute;a<\/strong>, del <strong>69,37%<\/strong> durante toda la jornada. En el PCC (Puesto de Control) ser&aacute;n del 100%, mientras que el servicio de inspecci&oacute;n y el de Atenci&oacute;n al Cliente deber&aacute;n tener un m&iacute;nimo del 70% del personal. El paro del 8 de marzo se solapa con los paros parciales que est&aacute;n realizando los trabajadores del tranv&iacute;a, por lo que los servicios m&iacute;nimos de estos &uacute;ltimos quedan anulados en este d&iacute;a.<\/p>\n<p>&#8211; En el <strong>autob&uacute;s urbano<\/strong> se establecen servicios m&iacute;nimos del <strong>66,3%<\/strong> de la dotaci&oacute;n de autobuses de cada l&iacute;nea, incluyendo los refuerzos que actualmente hay operativos en distintas l&iacute;neas con motivo de la pandemia.<\/p>\n<p>&#8211; Finalmente, en el caso de la l&iacute;nea del <strong>autob&uacute;s al aeropuerto<\/strong>, se han fijado servicios m&iacute;nimos del <strong>66%<\/strong>. Esto se traduce en que en lugar de haber viajes cada media hora, a lo largo del d&iacute;a se intercalar&aacute;n frecuencias de 30 minutos y de 60 minutos.<\/p>\n","protected":false},"excerpt":{"rendered":"<p>Tanto en el tranv\u00eda como en el autob\u00fas urbano y en la l\u00ednea del aeropuerto se han establecido los porcentajes contemplando, entre otros factores, la situaci\u00f3n de crisis sanitaria o el hecho de que el lunes es d\u00eda no lectivo.<\/p>\n","protected":false},"author":1,"featured_media":0,"comment_status":"open","ping_status":"closed","sticky":false,"template":"","format":"standard","meta":{"_et_pb_use_builder":"","_et_pb_old_content":"","_et_gb_content_width":"","footnotes":""},"categories":[11],"tags":[],"class_list":["post-1750","post","type-post","status-publish","format-standard","hentry","category-noticias"],"_links":{"self":[{"href":"https:\/\/www.tranviasdezaragoza.es\/api\/wp\/v2\/posts\/1750","targetHints":{"allow":["GET"]}}],"collection":[{"href":"https:\/\/www.tranviasdezaragoza.es\/api\/wp\/v2\/posts"}],"about":[{"href":"https:\/\/www.tranviasdezaragoza.es\/api\/wp\/v2\/types\/post"}],"author":[{"embeddable":true,"href":"https:\/\/www.tranviasdezaragoza.es\/api\/wp\/v2\/users\/1"}],"replies":[{"embeddable":true,"href":"https:\/\/www.tranviasdezaragoza.es\/api\/wp\/v2\/comments?post=1750"}],"version-history":[{"count":0,"href":"https:\/\/www.tranviasdezaragoza.es\/api\/wp\/v2\/posts\/1750\/revisions"}],"wp:attachment":[{"href":"https:\/\/www.tranviasdezaragoza.es\/api\/wp\/v2\/media?parent=1750"}],"wp:term":[{"taxonomy":"category","embeddable":true,"href":"https:\/\/www.tranviasdezaragoza.es\/api\/wp\/v2\/categories?post=1750"},{"taxonomy":"post_tag","embeddable":true,"href":"https:\/\/www.tranviasdezaragoza.es\/api\/wp\/v2\/tags?post=1750"}],"curies":[{"name":"wp","href":"https:\/\/api.w.org\/{rel}","templated":true}]}}