{"id":1749,"date":"2021-03-03T13:45:52","date_gmt":"2021-03-03T12:45:52","guid":{"rendered":"https:\/\/www.tranviasdezaragoza.es\/los-estudios-sobre-calidad-del-aire-en-el-tranvia-de-zaragoza-avalan-que-el-uso-del-transporte-publico-no-supone-riesgos-anadidos-de-contagio-para-sus-viajeros-1\/"},"modified":"2021-03-03T13:45:52","modified_gmt":"2021-03-03T12:45:52","slug":"los-estudios-sobre-calidad-del-aire-en-el-tranvia-de-zaragoza-avalan-que-el-uso-del-transporte-publico-no-supone-riesgos-anadidos-de-contagio-para-sus-viajeros-1","status":"publish","type":"post","link":"https:\/\/www.tranviasdezaragoza.es\/los-estudios-sobre-calidad-del-aire-en-el-tranvia-de-zaragoza-avalan-que-el-uso-del-transporte-publico-no-supone-riesgos-anadidos-de-contagio-para-sus-viajeros-1\/","title":{"rendered":"Los estudios sobre calidad del aire en el tranv\u00eda de Zaragoza avalan que el uso del transporte p\u00fablico no supone riesgos a\u00f1adidos de contagio para sus viajeros"},"content":{"rendered":"<p>Viajar en transporte p&uacute;blico en Zaragoza <strong>no supone riesgos a&ntilde;adidos de contagio de COVID-19 para sus usuarios<\/strong>, <strong>siempre que se observen todas las medidas preventivas puestas en marcha<\/strong>, como la <strong>ventilaci&oacute;n constante<\/strong> de los veh&iacute;culos, el <strong>uso obligatorio de mascarilla<\/strong>, <strong>no elevar el tono de voz<\/strong> y <strong>mantener en lo posible una distancia entre usuario<\/strong>s.<\/p>\n<p>Los <strong>estudios llevados a cabo a lo largo de las &uacute;ltimas semanas por dos grupos cient&iacute;ficos<\/strong> distintos <strong>tanto en autobuses como en el tranv&iacute;a <\/strong>avalan la hip&oacute;tesis inicial de que <strong>viajar en transporte p&uacute;blico en nuestra ciudad no implica un especial riesgo de contagio en comparaci&oacute;n con otras actividades de la vida cotidiana<\/strong>.<\/p>\n<p>Tal y como se indica en uno de los estudios, asociar los conceptos de &ldquo;<em>medici&oacute;n de concentraciones de CO<\/em><em>2<\/em>&rdquo; y &ldquo;<em>riesgo de contagio por transmisi&oacute;n a&eacute;rea del virus<\/em>&rdquo; exige tener en cuenta otros <strong>factores como el tiempo medio de exposici&oacute;n<\/strong> (aproximadamente, 7 minutos de media en el caso del tranv&iacute;a) <strong>y la presencia de sistemas de puri\ufb01caci&oacute;n\/\ufb01ltraci&oacute;n de aire implementados<\/strong>.<\/p>\n<p>Tambi&eacute;n deben ser consideradas las <strong>medidas preventivas complementarias para evitar el contagio por transmisi&oacute;n de aerosoles<\/strong>, tales como pueden ser el uso obligatorio de <strong>mascarillas<\/strong> y permanecer en <strong>silencio<\/strong>. En este sentido, <strong><u>el compromiso ciudadano es fundamental<\/u><\/strong>.<\/p>\n<p>En el <strong>autob&uacute;s urbano<\/strong> el estudio ha sido realizado por el <strong>Laboratorio de Combusti&oacute;n Industrial perteneciente al LIFTEC<\/strong> (Laboratorio de Investigaci&oacute;n en Fluidodin&aacute;mica y Tecnolog&iacute;as de la Combusti&oacute;n) <strong>de la Universidad de Zaragoza<\/strong>, encabezado por <strong>Javier Ballester<\/strong>, en el marco de un<strong> convenio de colaboraci&oacute;n con el Ayuntamiento<\/strong>.<\/p>\n<p>En el caso del <strong>tranv&iacute;a<\/strong> ha estado a cargo del <strong>Instituto de Investigaci&oacute;n Sanitaria Arag&oacute;n<\/strong>, dentro del <strong>proyecto &ldquo;CoviBlock&rdquo;<\/strong>. En concreto, ha sido realizado por <strong>Juan Jos&eacute; Alba L&oacute;pez, Marta Baselga Lahoz y Alberto&nbsp; Jim&eacute;nez Schuhmacher<\/strong>.<\/p>\n<p>&nbsp;<\/p>\n<p><strong>CASI 300 TRAYECTOS COMPLETOS ANALIZADOS EN EL TRANV&Iacute;A<\/strong><\/p>\n<p>En el&nbsp;<strong>tranv&iacute;a<\/strong>&nbsp;se han obtenido registros de niveles de di&oacute;xido de carbono comprendidos en un periodo de&nbsp;<strong>53 d&iacute;as, habi&eacute;ndose monitorizado<\/strong>&nbsp;&mdash;en ese periodo&mdash;&nbsp;<strong>cerca de 300 trayectos completos (ida y vuelta)<\/strong>.<\/p>\n<p><strong>Teniendo en cuenta todos los factores aludidos en el inicio de esta nota de prensa<\/strong>&nbsp;(tiempo de exposici&oacute;n, sistemas de filtrado y medidas complementarias),&nbsp;<strong>el estudio en el tranv&iacute;a indica que puede considerarse preliminarmente que los registros obtenidos de &ldquo;incremento de CO<\/strong><strong>2<\/strong><strong>&rdquo; no representan un entorno de alto riesgo de contagio por aerosoles<\/strong>, aunque existe un margen de mejora que debe aprovecharse a trav&eacute;s de las<strong>&nbsp;acciones propuestas, especialmente en las zonas y momentos donde se produce la mayor ocupaci&oacute;n del tranv&iacute;a<\/strong>&nbsp;(fundamentalmente, en el tramo central de su recorrido, entre Gran V&iacute;a y Chimenea).<\/p>\n<p>Se instalaron un total de&nbsp;<strong>8 sensores fijos y otros dos sensores fueron utilizados como dispositivos m&oacute;viles para verificar posibles desviaciones de las medidas<\/strong>&nbsp;en el interior del tranv&iacute;a, incluida la estrati\ufb01caci&oacute;n en altura. El objetivo era obtener&nbsp;<strong>mediciones realistas y uniformes<\/strong>, representativas del nivel de exposici&oacute;n experimentado por un usuario medio, sin correr el riesgo de que la medici&oacute;n fuera alterada como consecuencia de la exhalaci&oacute;n directa de los pasajeros.<\/p>\n<p>&nbsp;<\/p>\n<p><strong>NUEVOS FILTROS EN TODOS LOS CONVOYES<\/strong><\/p>\n<p>A la vista de las mediciones,&nbsp;<strong>en Los Tranv&iacute;as<\/strong><strong>&nbsp;de Zaragoza se van a poner en marcha nuevas medidas, que se suman a las ya implantadas<\/strong>:<\/p>\n<p><strong>Se est&aacute; llevando a cabo, desde esta semana, el cambio, en las 21 unidades del tranv&iacute;a de filtros PM2,5 70%<\/strong>, que suponen una importante mejora en la capacidad de filtraci&oacute;n de peque&ntilde;as part&iacute;culas, en los equipos de ventilaci&oacute;n y aire acondicionado.<\/p>\n<p>Ya se han instalado, adem&aacute;s,&nbsp;<strong>pegatinas en todas las ventanillas practicables, indicando que &eacute;stas deben permanecer siempre abiertas<\/strong>.<\/p>\n<p>Esta misma semana&nbsp;<strong>tambi&eacute;n se est&aacute;n llevando a cabo pruebas para la modificaci&oacute;n de la recirculaci&oacute;n del aire en el interior del tranv&iacute;a, con la implementaci&oacute;n de un sistema&nbsp; que&nbsp; permite una mayor incorporaci&oacute;n del aire exterior<\/strong>. La construcci&oacute;n del prototipo para la mejora del retorno comenz&oacute; el 15 de febrero y concluy&oacute; el 19. Las pruebas en el tranv&iacute;a est&aacute;n realizando esta semana y&nbsp;<strong>la instalaci&oacute;n en toda la flota se desarrolla desde el 26 de febrero al 12 de marzo<\/strong>.<\/p>\n","protected":false},"excerpt":{"rendered":"<p>Dos equipos cient\u00edficos han medido las concentraciones de CO2 en tranv\u00eda y bus, y han constatado que la correcta ventilaci\u00f3n es determinante para mantener unos niveles adecuados.<\/p>\n","protected":false},"author":1,"featured_media":0,"comment_status":"open","ping_status":"closed","sticky":false,"template":"","format":"standard","meta":{"_et_pb_use_builder":"","_et_pb_old_content":"","_et_gb_content_width":"","footnotes":""},"categories":[11],"tags":[],"class_list":["post-1749","post","type-post","status-publish","format-standard","hentry","category-noticias"],"_links":{"self":[{"href":"https:\/\/www.tranviasdezaragoza.es\/api\/wp\/v2\/posts\/1749","targetHints":{"allow":["GET"]}}],"collection":[{"href":"https:\/\/www.tranviasdezaragoza.es\/api\/wp\/v2\/posts"}],"about":[{"href":"https:\/\/www.tranviasdezaragoza.es\/api\/wp\/v2\/types\/post"}],"author":[{"embeddable":true,"href":"https:\/\/www.tranviasdezaragoza.es\/api\/wp\/v2\/users\/1"}],"replies":[{"embeddable":true,"href":"https:\/\/www.tranviasdezaragoza.es\/api\/wp\/v2\/comments?post=1749"}],"version-history":[{"count":0,"href":"https:\/\/www.tranviasdezaragoza.es\/api\/wp\/v2\/posts\/1749\/revisions"}],"wp:attachment":[{"href":"https:\/\/www.tranviasdezaragoza.es\/api\/wp\/v2\/media?parent=1749"}],"wp:term":[{"taxonomy":"category","embeddable":true,"href":"https:\/\/www.tranviasdezaragoza.es\/api\/wp\/v2\/categories?post=1749"},{"taxonomy":"post_tag","embeddable":true,"href":"https:\/\/www.tranviasdezaragoza.es\/api\/wp\/v2\/tags?post=1749"}],"curies":[{"name":"wp","href":"https:\/\/api.w.org\/{rel}","templated":true}]}}