{"id":1739,"date":"2020-06-30T11:36:28","date_gmt":"2020-06-30T09:36:28","guid":{"rendered":"https:\/\/www.tranviasdezaragoza.es\/el-tranvia-adapta-sus-frecuencias-a-la-demanda-de-verano-desde-el-1-de-julio\/"},"modified":"2020-06-30T11:36:28","modified_gmt":"2020-06-30T09:36:28","slug":"el-tranvia-adapta-sus-frecuencias-a-la-demanda-de-verano-desde-el-1-de-julio","status":"publish","type":"post","link":"https:\/\/www.tranviasdezaragoza.es\/el-tranvia-adapta-sus-frecuencias-a-la-demanda-de-verano-desde-el-1-de-julio\/","title":{"rendered":"El Tranv\u00eda adapta sus frecuencias a la demanda de verano desde el 1 de julio"},"content":{"rendered":"<p style=\"margin-top:0cm;margin-right:0cm;margin-bottom:11.25pt;margin-left:\n0cm;line-height:15.0pt;background:white\"><span style=\"font-size:9.0pt;\nfont-family:&quot;Verdana&quot;,sans-serif;color:#777777\">A partir de este mi&eacute;rcoles, 1 de julio, las frecuencias del tranv&iacute;a se adaptan a la demanda de viajeros de los meses de verano, al igual que se ha realizado en a&ntilde;os anteriores.<o:p><\/o:p><\/span><\/p>\n<p style=\"margin-top:0cm;margin-right:0cm;margin-bottom:11.25pt;margin-left:\n0cm;line-height:15.0pt;background:white;font-variant-ligatures: normal;\nfont-variant-caps: normal;orphans: 2;text-align:start;widows: 2;-webkit-text-stroke-width: 0px;\ntext-decoration-style: initial;text-decoration-color: initial;word-spacing:\n0px\"><span style=\"font-size:9.0pt;font-family:&quot;Verdana&quot;,sans-serif;color:#777777\">Del mismo modo que en 2019, los horarios ser&aacute;n diferenciados para julio y agosto. La primera semana de septiembre se recuperar&aacute;n los horarios de julio y, a partir del s&aacute;bado 5&nbsp;de septiembre, se regresa a las frecuencias habituales del resto del a&ntilde;o.<o:p><\/o:p><\/span><\/p>\n<p style=\"margin-top:0cm;margin-right:0cm;margin-bottom:11.25pt;margin-left:\n0cm;line-height:15.0pt;background:white;font-variant-ligatures: normal;\nfont-variant-caps: normal;orphans: 2;text-align:start;widows: 2;-webkit-text-stroke-width: 0px;\ntext-decoration-style: initial;text-decoration-color: initial;word-spacing:\n0px\"><span style=\"font-size:9.0pt;font-family:&quot;Verdana&quot;,sans-serif;color:#777777\">Los d&iacute;as laborables de julio se mantienen las frecuencias pr&aacute;cticamente igual que en invierno a lo largo de la mayor parte de la jornada, con variaciones que van desde el medio minuto a los dos minutos y medio. Las horas punta en laborables se mantienen, con un peque&ntilde;o incremento en la frecuencia del mediod&iacute;a, pasando de 5&#39;5 minutos a 8, de 14:30h a 16:00h.<o:p><\/o:p><\/span><\/p>\n<p style=\"margin-top:0cm;margin-right:0cm;margin-bottom:11.25pt;margin-left:\n0cm;line-height:15.0pt;background:white;font-variant-ligatures: normal;\nfont-variant-caps: normal;orphans: 2;text-align:start;widows: 2;-webkit-text-stroke-width: 0px;\ntext-decoration-style: initial;text-decoration-color: initial;word-spacing:\n0px\"><span style=\"font-size:9.0pt;font-family:&quot;Verdana&quot;,sans-serif;color:#777777\">En agosto, los d&iacute;as laborables cuentan con unos intervalos de paso algo superiores, ajust&aacute;ndose a la menor demanda por parte de los usuarios, con incrementos de dos minutos hasta mediod&iacute;a.<o:p><\/o:p><\/span><\/p>\n<p style=\"margin-top:0cm;margin-right:0cm;margin-bottom:11.25pt;margin-left:\n0cm;line-height:15.0pt;background:white;font-variant-ligatures: normal;\nfont-variant-caps: normal;orphans: 2;text-align:start;widows: 2;-webkit-text-stroke-width: 0px;\ntext-decoration-style: initial;text-decoration-color: initial;word-spacing:\n0px\"><span style=\"font-size:9.0pt;font-family:&quot;Verdana&quot;,sans-serif;color:#777777\">Para estos meses estivales, los intervalos de paso de los domingos y festivos permanecen invariables respecto al resto del a&ntilde;o.<\/span><\/p>\n","protected":false},"excerpt":{"rendered":"<p>Como en a\u00f1os anteriores, la adaptaci\u00f3n es progresiva y se recuperar\u00e1 la normalidad a partir de principios de septiembre.<\/p>\n","protected":false},"author":1,"featured_media":0,"comment_status":"open","ping_status":"closed","sticky":false,"template":"","format":"standard","meta":{"_et_pb_use_builder":"","_et_pb_old_content":"","_et_gb_content_width":"","footnotes":""},"categories":[11],"tags":[],"class_list":["post-1739","post","type-post","status-publish","format-standard","hentry","category-noticias"],"_links":{"self":[{"href":"https:\/\/www.tranviasdezaragoza.es\/api\/wp\/v2\/posts\/1739","targetHints":{"allow":["GET"]}}],"collection":[{"href":"https:\/\/www.tranviasdezaragoza.es\/api\/wp\/v2\/posts"}],"about":[{"href":"https:\/\/www.tranviasdezaragoza.es\/api\/wp\/v2\/types\/post"}],"author":[{"embeddable":true,"href":"https:\/\/www.tranviasdezaragoza.es\/api\/wp\/v2\/users\/1"}],"replies":[{"embeddable":true,"href":"https:\/\/www.tranviasdezaragoza.es\/api\/wp\/v2\/comments?post=1739"}],"version-history":[{"count":0,"href":"https:\/\/www.tranviasdezaragoza.es\/api\/wp\/v2\/posts\/1739\/revisions"}],"wp:attachment":[{"href":"https:\/\/www.tranviasdezaragoza.es\/api\/wp\/v2\/media?parent=1739"}],"wp:term":[{"taxonomy":"category","embeddable":true,"href":"https:\/\/www.tranviasdezaragoza.es\/api\/wp\/v2\/categories?post=1739"},{"taxonomy":"post_tag","embeddable":true,"href":"https:\/\/www.tranviasdezaragoza.es\/api\/wp\/v2\/tags?post=1739"}],"curies":[{"name":"wp","href":"https:\/\/api.w.org\/{rel}","templated":true}]}}