{"id":1694,"date":"2019-04-04T13:27:58","date_gmt":"2019-04-04T11:27:58","guid":{"rendered":"https:\/\/www.tranviasdezaragoza.es\/el-tranvia-interrumpira-momentaneamente-su-servicio-el-7-de-abril-por-la-maraton-1\/"},"modified":"2019-04-04T13:27:58","modified_gmt":"2019-04-04T11:27:58","slug":"el-tranvia-interrumpira-momentaneamente-su-servicio-el-7-de-abril-por-la-maraton-1","status":"publish","type":"post","link":"https:\/\/www.tranviasdezaragoza.es\/el-tranvia-interrumpira-momentaneamente-su-servicio-el-7-de-abril-por-la-maraton-1\/","title":{"rendered":"El Tranv\u00eda interrumpir\u00e1 moment\u00e1neamente su servicio el 7 de abril por la Marat\u00f3n"},"content":{"rendered":"<p>Con motivo de la celebraci&oacute;n de la Marat&oacute;n &quot;Ciudad de Zaragoza&quot; el domingo 7 de abril, el Tranv&iacute;a interrumpir&aacute; parcialmente su servicio en determinados momentos.<\/p>\n<p>Est&aacute; previsto que los cortes se produzcan entre las 08:25h y las 09:25h, dependiendo del paso de corredores, entre La Chimenea y Plaza del Pilar &#8211; Murallas. El Tranv&iacute;a funcionar&aacute; con normalidad en el resto de la L&iacute;nea.<\/p>\n<p>&nbsp;<\/p>\n","protected":false},"excerpt":{"rendered":"<p>Est\u00e1 previsto que el corte se produzca entre las 08:25h y las 09:25h.<\/p>\n","protected":false},"author":1,"featured_media":0,"comment_status":"open","ping_status":"closed","sticky":false,"template":"","format":"standard","meta":{"_et_pb_use_builder":"","_et_pb_old_content":"","_et_gb_content_width":"","footnotes":""},"categories":[11],"tags":[],"class_list":["post-1694","post","type-post","status-publish","format-standard","hentry","category-noticias"],"_links":{"self":[{"href":"https:\/\/www.tranviasdezaragoza.es\/api\/wp\/v2\/posts\/1694","targetHints":{"allow":["GET"]}}],"collection":[{"href":"https:\/\/www.tranviasdezaragoza.es\/api\/wp\/v2\/posts"}],"about":[{"href":"https:\/\/www.tranviasdezaragoza.es\/api\/wp\/v2\/types\/post"}],"author":[{"embeddable":true,"href":"https:\/\/www.tranviasdezaragoza.es\/api\/wp\/v2\/users\/1"}],"replies":[{"embeddable":true,"href":"https:\/\/www.tranviasdezaragoza.es\/api\/wp\/v2\/comments?post=1694"}],"version-history":[{"count":0,"href":"https:\/\/www.tranviasdezaragoza.es\/api\/wp\/v2\/posts\/1694\/revisions"}],"wp:attachment":[{"href":"https:\/\/www.tranviasdezaragoza.es\/api\/wp\/v2\/media?parent=1694"}],"wp:term":[{"taxonomy":"category","embeddable":true,"href":"https:\/\/www.tranviasdezaragoza.es\/api\/wp\/v2\/categories?post=1694"},{"taxonomy":"post_tag","embeddable":true,"href":"https:\/\/www.tranviasdezaragoza.es\/api\/wp\/v2\/tags?post=1694"}],"curies":[{"name":"wp","href":"https:\/\/api.w.org\/{rel}","templated":true}]}}