{"id":1677,"date":"2018-10-18T17:55:41","date_gmt":"2018-10-18T15:55:41","guid":{"rendered":"https:\/\/www.tranviasdezaragoza.es\/el-tranvia-de-zaragoza-refuerza-su-servicio-del-19-al-21-de-octubre\/"},"modified":"2018-10-18T17:55:41","modified_gmt":"2018-10-18T15:55:41","slug":"el-tranvia-de-zaragoza-refuerza-su-servicio-del-19-al-21-de-octubre","status":"publish","type":"post","link":"https:\/\/www.tranviasdezaragoza.es\/el-tranvia-de-zaragoza-refuerza-su-servicio-del-19-al-21-de-octubre\/","title":{"rendered":"El Tranv\u00eda de Zaragoza refuerza su servicio del 19 al 21 de octubre"},"content":{"rendered":"<p>El Tranv&iacute;a de Zaragoza refuerza su servicio desde el&nbsp;viernes 19 y hasta el domingo 21 de octubre, en previsi&oacute;n del n&uacute;mero de ciudadanos que pueden desplazarse al recinto ferial de Valdespartera, donde contin&uacute;an tanto los conciertos como las ferias. Concretamente, las frecuencias del fin de semana se desarrollar&aacute;n de la siguiente manera:<\/p>\n<p><strong>Viernes, 19 de octubre<\/strong><\/p>\n<p>Se mantienen los intervalos de paso de un d&iacute;a laborable convencional, con la diferencia de que el servicio, que normalmente finaliza a las 00:00h, se prolonga hasta las 02:15h del s&aacute;bado. Ser&aacute; a dicha horar cuando saldr&aacute; la &uacute;ltima expedici&oacute;n de cada una de las terminales (Mago de Oz y Avenida de la Academia.<\/p>\n<p><strong>S&aacute;bado, 20 de octubre<\/strong><\/p>\n<p>Al igual que el d&iacute;a anterior, el servicio se prolonga hasta las 02:15h del domingo. Asimismo, las frecuencias se refuerzan de la siguiente forma:<\/p>\n<table border=\"1\" cellpadding=\"0\" cellspacing=\"0\">\n<tbody>\n<tr>\n<td style=\"width:192px;\">\n<p><strong>Franja horaria<\/strong><\/p>\n<\/td>\n<td style=\"width:192px;\">\n<p><strong>Intervalo s&aacute;bado com&uacute;n<\/strong><\/p>\n<\/td>\n<td style=\"width:192px;\">\n<p><strong>Refuerzo s&aacute;bado 20<\/strong><\/p>\n<\/td>\n<\/tr>\n<tr>\n<td style=\"width:192px;\">\n<p>05:00 &ndash; 09:00<\/p>\n<\/td>\n<td style=\"width:192px;\">\n<p align=\"center\">20<\/p>\n<\/td>\n<td style=\"width:192px;\">\n<p align=\"center\">20<\/p>\n<\/td>\n<\/tr>\n<tr>\n<td style=\"width:192px;\">\n<p>09:00 &ndash; 17:30<\/p>\n<\/td>\n<td style=\"width:192px;\">\n<p align=\"center\">10<\/p>\n<\/td>\n<td style=\"width:192px;\">\n<p align=\"center\">10<\/p>\n<\/td>\n<\/tr>\n<tr>\n<td style=\"width:192px;\">\n<p>17:30 &ndash; 18:30<\/p>\n<\/td>\n<td style=\"width:192px;\">\n<p align=\"center\">10<\/p>\n<\/td>\n<td style=\"width:192px;\">\n<p align=\"center\">7<\/p>\n<\/td>\n<\/tr>\n<tr>\n<td style=\"width:192px;\">\n<p>18:30 &ndash; 21:15<\/p>\n<\/td>\n<td style=\"width:192px;\">\n<p align=\"center\">8<\/p>\n<\/td>\n<td style=\"width:192px;\">\n<p align=\"center\">7<\/p>\n<\/td>\n<\/tr>\n<tr>\n<td style=\"width:192px;\">\n<p>21:15 &ndash; 22:30<\/p>\n<\/td>\n<td style=\"width:192px;\">\n<p align=\"center\">8<\/p>\n<\/td>\n<td style=\"width:192px;\">\n<p align=\"center\">8<\/p>\n<\/td>\n<\/tr>\n<tr>\n<td style=\"width:192px;\">\n<p>22:30 &ndash; 02:15<\/p>\n<\/td>\n<td style=\"width:192px;\">\n<p align=\"center\">15<\/p>\n<\/td>\n<td style=\"width:192px;\">\n<p align=\"center\">15<\/p>\n<\/td>\n<\/tr>\n<\/tbody>\n<\/table>\n<p>&nbsp;<\/p>\n<p><strong>Domingo, 21 de octubre<\/strong><\/p>\n<p>El refuerzo en las frecuencias se desarrollar&aacute; de la siguiente forma:<\/p>\n<table border=\"1\" cellpadding=\"0\" cellspacing=\"0\">\n<tbody>\n<tr>\n<td style=\"width:192px;\">\n<p><strong>Franja horaria<\/strong><\/p>\n<\/td>\n<td style=\"width:192px;\">\n<p><strong>Intervalo domingo com&uacute;n<\/strong><\/p>\n<\/td>\n<td style=\"width:192px;\">\n<p><strong>Refuerzo domingo 21<\/strong><\/p>\n<\/td>\n<\/tr>\n<tr>\n<td style=\"width:192px;\">\n<p>05:00 &ndash; 09:00<\/p>\n<\/td>\n<td style=\"width:192px;\">\n<p align=\"center\">20<\/p>\n<\/td>\n<td style=\"width:192px;\">\n<p align=\"center\">20<\/p>\n<\/td>\n<\/tr>\n<tr>\n<td style=\"width:192px;\">\n<p>09:00 &ndash; 11:30<\/p>\n<\/td>\n<td style=\"width:192px;\">\n<p align=\"center\">15<\/p>\n<\/td>\n<td style=\"width:192px;\">\n<p align=\"center\">15<\/p>\n<\/td>\n<\/tr>\n<tr>\n<td style=\"width:192px;\">\n<p>11:30 &ndash; 17:30<\/p>\n<\/td>\n<td style=\"width:192px;\">\n<p align=\"center\">15<\/p>\n<\/td>\n<td style=\"width:192px;\">\n<p align=\"center\">12<\/p>\n<\/td>\n<\/tr>\n<tr>\n<td style=\"width:192px;\">\n<p>17:30 &ndash; 21:00<\/p>\n<\/td>\n<td style=\"width:192px;\">\n<p align=\"center\">12<\/p>\n<\/td>\n<td style=\"width:192px;\">\n<p align=\"center\">10<\/p>\n<\/td>\n<\/tr>\n<tr>\n<td style=\"width:192px;\">\n<p>21:00 &ndash; 23:00<\/p>\n<\/td>\n<td style=\"width:192px;\">\n<p align=\"center\">15<\/p>\n<\/td>\n<td style=\"width:192px;\">\n<p align=\"center\">10<\/p>\n<\/td>\n<\/tr>\n<tr>\n<td style=\"width:192px;\">\n<p>23:00 &ndash; 00:00<\/p>\n<\/td>\n<td style=\"width:192px;\">\n<p align=\"center\">15<\/p>\n<\/td>\n<td style=\"width:192px;\">\n<p align=\"center\">15<\/p>\n<\/td>\n<\/tr>\n<\/tbody>\n<\/table>\n<p>Asimismo, al igual que en los dem&aacute;s encuentros que disputa el Real Zaragoza en La Romareda, se ha previsto un refuerzo espec&iacute;fico a la salida del encuentro. Entre las 21:45h y las 22:10h el intervalo de paso ser&aacute; de 5 minutos.<\/p>\n","protected":false},"excerpt":{"rendered":"<p>Debido a que contin\u00faan las actividades en el recinto ferial de Valdespartera, se ampl\u00eda el servicio viernes y s\u00e1bado hasta las 02:15h y se refuerzan frecuencias durante el fin de semana.<\/p>\n","protected":false},"author":1,"featured_media":0,"comment_status":"open","ping_status":"closed","sticky":false,"template":"","format":"standard","meta":{"_et_pb_use_builder":"","_et_pb_old_content":"","_et_gb_content_width":"","footnotes":""},"categories":[11],"tags":[],"class_list":["post-1677","post","type-post","status-publish","format-standard","hentry","category-noticias"],"_links":{"self":[{"href":"https:\/\/www.tranviasdezaragoza.es\/api\/wp\/v2\/posts\/1677","targetHints":{"allow":["GET"]}}],"collection":[{"href":"https:\/\/www.tranviasdezaragoza.es\/api\/wp\/v2\/posts"}],"about":[{"href":"https:\/\/www.tranviasdezaragoza.es\/api\/wp\/v2\/types\/post"}],"author":[{"embeddable":true,"href":"https:\/\/www.tranviasdezaragoza.es\/api\/wp\/v2\/users\/1"}],"replies":[{"embeddable":true,"href":"https:\/\/www.tranviasdezaragoza.es\/api\/wp\/v2\/comments?post=1677"}],"version-history":[{"count":0,"href":"https:\/\/www.tranviasdezaragoza.es\/api\/wp\/v2\/posts\/1677\/revisions"}],"wp:attachment":[{"href":"https:\/\/www.tranviasdezaragoza.es\/api\/wp\/v2\/media?parent=1677"}],"wp:term":[{"taxonomy":"category","embeddable":true,"href":"https:\/\/www.tranviasdezaragoza.es\/api\/wp\/v2\/categories?post=1677"},{"taxonomy":"post_tag","embeddable":true,"href":"https:\/\/www.tranviasdezaragoza.es\/api\/wp\/v2\/tags?post=1677"}],"curies":[{"name":"wp","href":"https:\/\/api.w.org\/{rel}","templated":true}]}}