{"id":1672,"date":"2018-09-14T13:15:21","date_gmt":"2018-09-14T11:15:21","guid":{"rendered":"https:\/\/www.tranviasdezaragoza.es\/durante-dos-semanas-los-viajeros-de-plaza-de-espana-en-direccion-valdespartera-deberan-esperar-en-la-zona-del-anden-mas-proxima-a-plaza-de-aragon\/"},"modified":"2018-09-14T13:15:21","modified_gmt":"2018-09-14T11:15:21","slug":"durante-dos-semanas-los-viajeros-de-plaza-de-espana-en-direccion-valdespartera-deberan-esperar-en-la-zona-del-anden-mas-proxima-a-plaza-de-aragon","status":"publish","type":"post","link":"https:\/\/www.tranviasdezaragoza.es\/durante-dos-semanas-los-viajeros-de-plaza-de-espana-en-direccion-valdespartera-deberan-esperar-en-la-zona-del-anden-mas-proxima-a-plaza-de-aragon\/","title":{"rendered":"DURANTE DOS SEMANAS; LOS VIAJEROS DE PLAZA DE ESPA\u00d1A EN DIRECCI\u00d3N VALDESPARTERA DEBER\u00c1N ESPERAR EN LA ZONA DEL AND\u00c9N M\u00c1S PR\u00d3XIMA A PLAZA DE ARAG\u00d3N"},"content":{"rendered":"<p><strong>(Zaragoza, 14 de septiembre de 2018). &nbsp;<\/strong>Desde el lunes, 17 de septiembre, para realizar un estudio del comportamiento del flujo de los usuarios del tranv&iacute;a, se va a realizar en la parada de Plaza de Espa&ntilde;a <strong>(&uacute;nicamente en direcci&oacute;n Valdespartera<\/strong>), un cambio que repercutir&aacute; en la zona de espera de los viajeros de la L&iacute;nea 1. &Eacute;stos deber&aacute;n situarse en la zona hacia el <strong>extremo del and&eacute;n m&aacute;s pr&oacute;xima a Plaza de Arag&oacute;n<\/strong>, m&aacute;s all&aacute; del espacio habitual de la marquesina, en unos lugares que ser&aacute;n indicados con se&ntilde;ales en el suelo, coincidentes con las cuatro puertas dobles del servicio del tranv&iacute;a.<\/p>\n<p>&nbsp;<\/p>\n<p>El cambio durar&aacute; <strong>hasta el domingo, 30 de septiembre<\/strong>, y durante todo este tiempo <strong>se contar&aacute; con personas que informar&aacute;n sobre el terreno de la variaci&oacute;n en las esperas<\/strong>, adem&aacute;s de informaci&oacute;n ac&uacute;stica en el mismo sentido y carteles indicadores en los dos cubos de luz de la marquesina de Palza de Espa&ntilde;a, con flechas que mostrar&aacute;n d&oacute;nde se deben situar los pasajeros &ndash;hacia el extremo del and&eacute;n&#8211; que vayan&nbsp; en direcci&oacute;n a Valdespartera. <strong>La campa&ntilde;a de los informadores para los viajeros se prolongar&aacute; casi cien horas sobre el terreno<\/strong>.<\/p>\n<p>&nbsp;<\/p>\n<p>En la parada de Plaza de Espa&ntilde;a, <strong>en direcci&oacute;n Parque Goya<\/strong>, <strong>no se producir&aacute; ning&uacute;n cambio <\/strong>en la zona de espera del usuario, que se efectuar&aacute; en la propia marquesina, como es habitual.<\/p>\n<p>&nbsp;<\/p>\n","protected":false},"excerpt":{"rendered":"<p>Desde el lunes, 17 de septiembre, de forma transitoria, se realizar\u00e1 un cambio en la zona de espera del tranv\u00eda s\u00f3lo en un lado de la parada, con una campa\u00f1a de informadores en el lugar<\/p>\n","protected":false},"author":1,"featured_media":0,"comment_status":"open","ping_status":"closed","sticky":false,"template":"","format":"standard","meta":{"_et_pb_use_builder":"","_et_pb_old_content":"","_et_gb_content_width":"","footnotes":""},"categories":[11],"tags":[],"class_list":["post-1672","post","type-post","status-publish","format-standard","hentry","category-noticias"],"_links":{"self":[{"href":"https:\/\/www.tranviasdezaragoza.es\/api\/wp\/v2\/posts\/1672","targetHints":{"allow":["GET"]}}],"collection":[{"href":"https:\/\/www.tranviasdezaragoza.es\/api\/wp\/v2\/posts"}],"about":[{"href":"https:\/\/www.tranviasdezaragoza.es\/api\/wp\/v2\/types\/post"}],"author":[{"embeddable":true,"href":"https:\/\/www.tranviasdezaragoza.es\/api\/wp\/v2\/users\/1"}],"replies":[{"embeddable":true,"href":"https:\/\/www.tranviasdezaragoza.es\/api\/wp\/v2\/comments?post=1672"}],"version-history":[{"count":0,"href":"https:\/\/www.tranviasdezaragoza.es\/api\/wp\/v2\/posts\/1672\/revisions"}],"wp:attachment":[{"href":"https:\/\/www.tranviasdezaragoza.es\/api\/wp\/v2\/media?parent=1672"}],"wp:term":[{"taxonomy":"category","embeddable":true,"href":"https:\/\/www.tranviasdezaragoza.es\/api\/wp\/v2\/categories?post=1672"},{"taxonomy":"post_tag","embeddable":true,"href":"https:\/\/www.tranviasdezaragoza.es\/api\/wp\/v2\/tags?post=1672"}],"curies":[{"name":"wp","href":"https:\/\/api.w.org\/{rel}","templated":true}]}}