{"id":1604,"date":"2017-03-27T18:57:41","date_gmt":"2017-03-27T16:57:41","guid":{"rendered":"https:\/\/www.tranviasdezaragoza.es\/el-tranvia-de-zaragoza-interrumpira-parcialmente-su-servicio-el-2-de-abril-por-la-maraton\/"},"modified":"2017-03-27T18:57:41","modified_gmt":"2017-03-27T16:57:41","slug":"el-tranvia-de-zaragoza-interrumpira-parcialmente-su-servicio-el-2-de-abril-por-la-maraton","status":"publish","type":"post","link":"https:\/\/www.tranviasdezaragoza.es\/el-tranvia-de-zaragoza-interrumpira-parcialmente-su-servicio-el-2-de-abril-por-la-maraton\/","title":{"rendered":"El Tranv\u00eda de Zaragoza interrumpir\u00e1 parcialmente su servicio el 2 de abril por la Marat\u00f3n"},"content":{"rendered":"<p>Con motivo de la celebraci&oacute;n de la <strong>Marat&oacute;n &ldquo;Ciudad de Zaragoza&rdquo;<\/strong>, el Tranv&iacute;a interrumpir&aacute; parcialmente su servicio el <strong>domingo 2 de abril.<\/strong> Est&aacute; previsto que los cortes se produzcan <strong>entre las 07:55h y las 08:55h<\/strong>, y podr&aacute;n variar dependiendo del paso de corredores.<\/p>\n<p>El tramo afectado ser&aacute; el comprendido<strong> entre las paradas La Chimenea y Plaza del Pilar &ndash; Murallas<\/strong>. El resto de la l&iacute;nea funcionar&aacute; con normalidad.<\/p>\n","protected":false},"excerpt":{"rendered":"<p>El tramo entre La Chimenea y Plaza del Pilar &#8211;  Murallas permanecer\u00e1 sin servicio entre las 07:55h a 08:55h.<\/p>\n","protected":false},"author":1,"featured_media":0,"comment_status":"open","ping_status":"closed","sticky":false,"template":"","format":"standard","meta":{"_et_pb_use_builder":"","_et_pb_old_content":"","_et_gb_content_width":"","footnotes":""},"categories":[11],"tags":[],"class_list":["post-1604","post","type-post","status-publish","format-standard","hentry","category-noticias"],"_links":{"self":[{"href":"https:\/\/www.tranviasdezaragoza.es\/api\/wp\/v2\/posts\/1604","targetHints":{"allow":["GET"]}}],"collection":[{"href":"https:\/\/www.tranviasdezaragoza.es\/api\/wp\/v2\/posts"}],"about":[{"href":"https:\/\/www.tranviasdezaragoza.es\/api\/wp\/v2\/types\/post"}],"author":[{"embeddable":true,"href":"https:\/\/www.tranviasdezaragoza.es\/api\/wp\/v2\/users\/1"}],"replies":[{"embeddable":true,"href":"https:\/\/www.tranviasdezaragoza.es\/api\/wp\/v2\/comments?post=1604"}],"version-history":[{"count":0,"href":"https:\/\/www.tranviasdezaragoza.es\/api\/wp\/v2\/posts\/1604\/revisions"}],"wp:attachment":[{"href":"https:\/\/www.tranviasdezaragoza.es\/api\/wp\/v2\/media?parent=1604"}],"wp:term":[{"taxonomy":"category","embeddable":true,"href":"https:\/\/www.tranviasdezaragoza.es\/api\/wp\/v2\/categories?post=1604"},{"taxonomy":"post_tag","embeddable":true,"href":"https:\/\/www.tranviasdezaragoza.es\/api\/wp\/v2\/tags?post=1604"}],"curies":[{"name":"wp","href":"https:\/\/api.w.org\/{rel}","templated":true}]}}