{"id":1577,"date":"2016-06-06T18:21:52","date_gmt":"2016-06-06T16:21:52","guid":{"rendered":"https:\/\/www.tranviasdezaragoza.es\/zaragoza-muestra-ante-especialistas-del-mundo-la-transformacion-urbana-que-ha-supuesto-el-tranvia\/"},"modified":"2016-06-06T18:21:52","modified_gmt":"2016-06-06T16:21:52","slug":"zaragoza-muestra-ante-especialistas-del-mundo-la-transformacion-urbana-que-ha-supuesto-el-tranvia","status":"publish","type":"post","link":"https:\/\/www.tranviasdezaragoza.es\/zaragoza-muestra-ante-especialistas-del-mundo-la-transformacion-urbana-que-ha-supuesto-el-tranvia\/","title":{"rendered":"Zaragoza muestra ante especialistas del mundo la transformaci\u00f3n urbana que ha supuesto el tranv\u00eda"},"content":{"rendered":"<p>La posibilidad de <strong>una gran transformaci&oacute;n en el espacio urbano<\/strong> que supone la implantaci&oacute;n de una l&iacute;nea de tranv&iacute;a, ha sido el eje de la intervenci&oacute;n que ha realizado este 6 de junio la gerente de Los Tranv&iacute;as de Zaragoza, Ana M. Moreno Lorente, ante los <strong>especialistas de metros y tranv&iacute;as que se re&uacute;nen esta semana en M&aacute;laga,<\/strong> en un encuentro&nbsp; de Alamys (Asociaci&oacute;n Latinoamericana de Metros y Subterr&aacute;neos). Esta entidad ha invitado a 180 profesionales de Espa&ntilde;a, Francia, Chile, Brasil, Panam&aacute; y Colombia, entre otros pa&iacute;ses.<\/p>\n<p>&ldquo;Construir una l&iacute;nea de tranv&iacute;a <strong>es dise&ntilde;ar una ciudad pensada por y para los ciudadanos<\/strong>&rdquo;, destac&oacute; la responsable de la L&iacute;nea 1. &ldquo;La transformaci&oacute;n urbana que propicia el tranv&iacute;a supone la completa <strong>conquista del espacio p&uacute;blico por la ciudadan&iacute;a<\/strong>. Y este es el fen&oacute;meno que hemos experimentado en Zaragoza. Un redise&ntilde;o integral&rdquo;.<\/p>\n<p>Adem&aacute;s de detallar los datos b&aacute;sicos de la L&iacute;nea 1, que <strong>es ya una referencia<\/strong> nacional e internacional, subray&oacute; que el tranv&iacute;a ha renovado la ciudad tanto en superficie como en su parte subterr&aacute;nea, con el cambio de <strong>m&aacute;s de 30 kil&oacute;metros de viejas tuber&iacute;as de abastecimiento y saneamiento<\/strong>.<\/p>\n<p>&ldquo;Zaragoza procedi&oacute; a una renovaci&oacute;n de fachada a fachada. La parte central de la ciudad alberga <strong>un espacio peatonal de 1,5 kil&oacute;metros<\/strong>, desde Gran V&iacute;a a Isabel la Cat&oacute;lica, cuando antes se interrump&iacute;a en tramos, hasta en ocho ocasiones&rdquo;, a&ntilde;adi&oacute;. Y record&oacute; que en el cubrimiento del Huerva se instalaron vigas nuevas, en sustituci&oacute;n de las 288 <strong>viejas, melladas por la humedad y el paso de los a&ntilde;os.<\/strong><\/p>\n<p>&ldquo;<strong>En la reconfiguraci&oacute;n de la ciudad<\/strong>&rdquo;, subray&oacute; en M&aacute;laga Ana M. Moreno, &ldquo;se han cambiado <strong>tres plazas<\/strong> &ndash;Plaza de Espa&ntilde;a, Plaza de Basilio Para&iacute;so y Plaza de San Francisco&rdquo;&nbsp; y <strong>cuatro puentes<\/strong> &ndash;Puente de Santiago, Canal Imperial, calle Volver a empezar y Majas de Goya&#8211;, adem&aacute;s de la renovaci&oacute;n del <strong>entorno de Murallas<\/strong>&rdquo;, record&oacute;.<\/p>\n<p>Zaragoza ha dado, con el tranv&iacute;a, un paso adelante <strong>sumando 29.175 metros cuadrados de superficie peatonal<\/strong>, construy&eacute;ndose en paralelo 18 kil&oacute;metros de carril-bici.<\/p>\n<p>En su alocuci&oacute;n, detall&oacute; la completa accesibilidad del medio de transporte y destac&oacute; la reducci&oacute;n del tr&aacute;fico en el centro de la ciudad: &ldquo;<strong>Entre un 25% y un 40% menos. Se ha mejorado tambi&eacute;n la calidad del aire, con un 16% menos de emisiones<\/strong>, la instalaci&oacute;n de 42.000 metros cuadrados de zona verde alrededor de la traza y el ahorro de <strong>19,6 millones de litros de gas&oacute;leo<\/strong> al a&ntilde;o&rdquo;, entre otras ventajas medioambientales.<\/p>\n","protected":false},"excerpt":{"rendered":"<p>M\u00e1s de 180 profesionales de Espa\u00f1a, Brasil, Francia, Chile, Panam\u00e1 y Colombia asisten en M\u00e1laga al encuentro de Alamys<\/p>\n","protected":false},"author":1,"featured_media":0,"comment_status":"open","ping_status":"closed","sticky":false,"template":"","format":"standard","meta":{"_et_pb_use_builder":"","_et_pb_old_content":"","_et_gb_content_width":"","footnotes":""},"categories":[11],"tags":[],"class_list":["post-1577","post","type-post","status-publish","format-standard","hentry","category-noticias"],"_links":{"self":[{"href":"https:\/\/www.tranviasdezaragoza.es\/api\/wp\/v2\/posts\/1577","targetHints":{"allow":["GET"]}}],"collection":[{"href":"https:\/\/www.tranviasdezaragoza.es\/api\/wp\/v2\/posts"}],"about":[{"href":"https:\/\/www.tranviasdezaragoza.es\/api\/wp\/v2\/types\/post"}],"author":[{"embeddable":true,"href":"https:\/\/www.tranviasdezaragoza.es\/api\/wp\/v2\/users\/1"}],"replies":[{"embeddable":true,"href":"https:\/\/www.tranviasdezaragoza.es\/api\/wp\/v2\/comments?post=1577"}],"version-history":[{"count":0,"href":"https:\/\/www.tranviasdezaragoza.es\/api\/wp\/v2\/posts\/1577\/revisions"}],"wp:attachment":[{"href":"https:\/\/www.tranviasdezaragoza.es\/api\/wp\/v2\/media?parent=1577"}],"wp:term":[{"taxonomy":"category","embeddable":true,"href":"https:\/\/www.tranviasdezaragoza.es\/api\/wp\/v2\/categories?post=1577"},{"taxonomy":"post_tag","embeddable":true,"href":"https:\/\/www.tranviasdezaragoza.es\/api\/wp\/v2\/tags?post=1577"}],"curies":[{"name":"wp","href":"https:\/\/api.w.org\/{rel}","templated":true}]}}