{"id":1568,"date":"2016-04-13T13:05:38","date_gmt":"2016-04-13T11:05:38","guid":{"rendered":"https:\/\/www.tranviasdezaragoza.es\/el-tranvia-de-zaragoza-se-suma-a-la-ix-edicion-del-festival-ecozine\/"},"modified":"2016-04-13T13:05:38","modified_gmt":"2016-04-13T11:05:38","slug":"el-tranvia-de-zaragoza-se-suma-a-la-ix-edicion-del-festival-ecozine","status":"publish","type":"post","link":"https:\/\/www.tranviasdezaragoza.es\/el-tranvia-de-zaragoza-se-suma-a-la-ix-edicion-del-festival-ecozine\/","title":{"rendered":"El Tranv\u00eda de Zaragoza se suma a la IX edici\u00f3n del Festival Ecozine"},"content":{"rendered":"<p>El Tranv&iacute;a de Zaragoza patrocina a novena edici&oacute;n del Festival EcoZine, que se celebra en Zaragoza del 3 al 21 de Mayo. Este festival, que convierte a Zaragoza en la capital internacional del cine comprometido con el medio ambiente, se centra en el cine como arte y como instrumento de cambio social, con implicaciones en el modelo urbano, la sostenibilidad arquitect&oacute;nica, los modelos comerciales, la movilidad y la infancia.<\/p>\n<p>En el festival se proyectar&aacute;n 97 pel&iacute;culas en&nbsp; varias sedes de la ciudad, de las que 74 corresponden a la secci&oacute;n oficial, y que han sido seleccionadas entre las 1.300 obras que se han recibido de 85 pa&iacute;ses de todo el mundo, siguiendo criterios de calidad cinematogr&aacute;fica y variedad tem&aacute;tica, entre otros.<\/p>\n<p>En su apartado cinematogr&aacute;fico, el Festival EcoZine cuenta en su secci&oacute;n oficial con las categor&iacute;as de:<strong> largometraje documental<\/strong> internacional y nacional, <strong>corto documental<\/strong>, <strong>corto de ficci&oacute;n<\/strong> y <strong>corto de animaci&oacute;n.<\/strong><\/p>\n<p>Dentro de la secci&oacute;n oficial, EcoZine otorga cinco premios cinematogr&aacute;ficos: al mejor <strong>largometraje nacional e internaciona<\/strong>l, y a los <strong>mejores cortometrajes de ficci&oacute;n, animaci&oacute;n y documental,<\/strong> con un total 74 trabajos que compiten en estas categor&iacute;as. El festival cuenta tambi&eacute;n con el <strong>premio del P&uacute;blico Joven,<\/strong> que elige el alumnado de m&aacute;s de&nbsp; 30 centros escolares de Zaragoza, el premio de la <strong>convocatoria nacional de carteles para elegir la imagen del festival<\/strong>, y el&nbsp; y el <strong>Premio Ecozine<\/strong> que reconoce a personas, instituciones u organizaciones por su <strong>compromiso con la defensa del medio ambiente<\/strong>, que en esta edici&oacute;n se otorga a la memoria de <strong>Berta C&aacute;ceres<\/strong>, la activista hondure&ntilde;a ind&iacute;gena asesinada el pasado 3 de marzo en su lucha contra la represa de Agua Zarca, prevista en el noroeste de su pa&iacute;s en el r&iacute;o Guarcarque, sagrado para las comunidades ind&iacute;genas y vital para su supervivencia. Por esta lucha, Berta C&aacute;ceres recibi&oacute; en 2015 el prestigioso Premio Goldman, m&aacute;ximo reconocimiento mundial para activistas del medio ambiente. Est&aacute; previsto que el galard&oacute;n ser&aacute; recogido por la hija de Berta C&aacute;ceres.<\/p>\n<p>A las secciones no competitivas que ya han estado presentes en anteriores ediciones del Festival, <strong>J&oacute;venes, Premi&egrave;re, Cine y agua, En familia, CooperART, Enfocados y Otras Perspectivas<\/strong>, se a&ntilde;ade este a&ntilde;o la nueva secci&oacute;n <strong>La Butaca verde,<\/strong> destinada al p&uacute;blico infantil y con el agua como tema central.<\/p>\n<p>Adem&aacute;s, Ecozine Film Festival ha nombrado a <strong>Javier Espada Embajador de la 9&ordf; edici&oacute;n del Festival,<\/strong> por su infatigable trabajo dando a conocer Arag&oacute;n y la figura de Luis Bu&ntilde;uel por todo el mundo, as&iacute; como&nbsp; por su apoyo incondicional al festival desde sus inicios.<\/p>\n<p>&nbsp;<\/p>\n<p><strong>SECCIONES DEL FESTIVAL <\/strong><\/p>\n<p><strong>Secci&oacute;n Oficial<\/strong><\/p>\n<p>Para esta secci&oacute;n se han recibido m&aacute;s 1300 pel&iacute;culas de 85 pa&iacute;ses, de las que se han seleccionado un total de 74 pel&iacute;culas, 48 cortometrajes y 26 largometrajes que optan a los cinco premios del Jurado. Las Secci&oacute;n Oficial de Cortometrajes tiene como sedes la Filmoteca de Zaragoza, el Centro de Historias de Zaragoza y el el Forum de la FNAC de Plaza de Espa&ntilde;a.<\/p>\n<p><strong>Premi&egrave;re<\/strong><\/p>\n<p>En esta secci&oacute;n se proyectar&aacute;n 4 pel&iacute;culas no estrenadas en Zaragoza. El jueves 5 de mayo, en la&nbsp; inauguraci&oacute;n del festival, se proyectar&aacute; el documental <strong>&quot;El lugar de las fresas&quot;<\/strong> de la directora Maite Vitoria Daneris. El s&aacute;bado 7 de mayo, en la B&oacute;veda del Albergue, el corto documental <strong>&quot;La filla del farer&quot; <\/strong>de Mario Pons Mur&iacute;a. El viernes 13 de mayo en el Centro de Historias de Zaragoza se presentar&aacute;<strong> &quot;14.000 Km., camino a An&aacute;ntapur&quot;<\/strong>&nbsp; del realizador Francisco Ventura. Esta proyecci&oacute;n, por deseo expreso del realizador quiere recaudar fondos destinados a la compra de bicicletas para ayudar en la escolarizaci&oacute;n de ni&ntilde;os en la India., con la colaboraci&oacute;n de la Fundaci&oacute;n Vicente Ferrer. El mismo d&iacute;a, 13 de mayo, se proyectar&aacute; en la Filmoteca de Zaragoza la pel&iacute;cula<strong> &quot;Nacido en Gaza&quot;<\/strong> del documentalista Hern&aacute;n Zin, producida por Jon Sistiaga.&nbsp;&nbsp;<\/p>\n<p><strong>J&oacute;venes<\/strong><\/p>\n<p>En esta secci&oacute;n se recoge la proyecci&oacute;n de cortometrajes seleccionados por el alumnado del &uacute;ltimo ciclo de Primaria, E.S.O. y Bachillerato. Esta actividad se desarrolla con el Servicio de Educaci&oacute;n del Ayuntamiento de Zaragoza y el Centro de Documental del Agua y el Medio Ambiente (CDAMA) La actividad se acompa&ntilde;a de una Gu&iacute;a Did&aacute;ctica para el trabajo en las aulas. En esta edici&oacute;n van a participar un total de&nbsp; 1500 escolares de 30 centros educativos de nuestra ciudad.<\/p>\n<p><strong>Cine y Agua<\/strong><\/p>\n<p>Programaci&oacute;n espec&iacute;fica con el AGUA como eje tem&aacute;tico. El programa incluye 4 pel&iacute;culas que se proyectar&aacute;n desde el viernes 13 de mayo hasta el domingo 15 de mayo en la Filmoteca de Zaragoza.<\/p>\n<p><strong>Enfocados<\/strong><\/p>\n<p>Esta Secci&oacute;n cuenta este a&ntilde;o con tem&aacute;ticas diversas:<\/p>\n<ul>\n<li>\n<p>&#8211; Lindano y otros pesticidas. &iquest;Hay&nbsp; alternativas?<\/p>\n<\/li>\n<li>\n<p>&#8211; Memoria hist&oacute;rica y medio ambiente<\/p>\n<\/li>\n<li>\n<p>&#8211; Arquitectura y sostenibilidad: Pedagog&iacute;a abierta como herramienta ecol&oacute;gica&nbsp;<\/p>\n<\/li>\n<li>\n<p>&#8211; Movilidad en las ciudades. El ejemplo de Zaragoza<\/p>\n<\/li>\n<\/ul>\n<p><strong>Otras Perspectivas<\/strong><\/p>\n<p>La Filmoteca de Zaragoza acoge del 13 al 15 de mayo esta secci&oacute;n con cuatro pel&iacute;culas centradas en las experiencias narradas por mujeres, con temas tan variados como el papel de la mujer en el norte de &Aacute;frica, la experiencia cooperativa en la Bosnia actual o la defensa de territorios degradados.<\/p>\n<p><strong>CooperART<\/strong><\/p>\n<p>Ecozine ofrece en el programa de su 9&ordf; edici&oacute;n otras manifestaciones art&iacute;sticas posibles gracias a la implicaci&oacute;n de artistas, asociaciones y festivales de la ciudad, plasmando a trav&eacute;s de dichas actividades la importancia del entorno y del medio ambiente.<\/p>\n<ul>\n<li>\n<p>&#8211; Perfomance de Sergio Muro&nbsp;<\/p>\n<\/li>\n<li>\n<p>&#8211; Proyecci&oacute;n de la pel&iacute;cula &ldquo;Algol&rdquo; con m&uacute;sica en directo de VRILnoise (Paco Rodr&iacute;guez)&nbsp;<\/p>\n<\/li>\n<li>\n<p>&#8211; El Jard&iacute;n de Las Delicias : charla conferencia &ldquo;El Bosco Interpretado&rdquo; a cargo de Ferm&iacute;n Ledesma Koskolin<\/p>\n<\/li>\n<li>\n<p>&#8211; &ldquo;El Jard&iacute;n en tus Delicias&rdquo;, exposici&oacute;n de pintura y performance de danza creativa en las escaleras y descansillos del Jard&iacute;n en Altura.<\/p>\n<\/li>\n<\/ul>\n<p><strong>La Butaca Verde<\/strong><\/p>\n<p>Nueva secci&oacute;n de festival organizado con la colaboraci&oacute;n de la Asociaci&oacute;n La Butaca Roja. Proyecci&oacute;n en el Centro de Historias de Zaragoza de un programa infantil con 6 cortometrajes con el agua como protagonista.<\/p>\n<p><strong>Exposici&oacute;n TRAGAR TIERRA BEBER HIERBA<\/strong><\/p>\n<p>Este a&ntilde;o Ecozine presenta en la Cripta del Centro de Historias de Zaragoza la exposici&oacute;n &ldquo;TRAGAR TIERRA BEBER HIERBA&rdquo;.Se trata de un ensayo gr&aacute;fico de J. A. Andr&eacute;s Lacasta basado en la obra dram&aacute;tica &ldquo;De noche antes de los bosques&rdquo; (1977) de Bernard-Marie Kolt&eacute;s.<\/p>\n","protected":false},"excerpt":{"rendered":"<p>El Tranv\u00eda patrocina el certamen internacional, en el que se proyectar\u00e1n 97 pel\u00edculas en distintos puntos de la ciudad.<\/p>\n","protected":false},"author":1,"featured_media":0,"comment_status":"open","ping_status":"closed","sticky":false,"template":"","format":"standard","meta":{"_et_pb_use_builder":"","_et_pb_old_content":"","_et_gb_content_width":"","footnotes":""},"categories":[11],"tags":[],"class_list":["post-1568","post","type-post","status-publish","format-standard","hentry","category-noticias"],"_links":{"self":[{"href":"https:\/\/www.tranviasdezaragoza.es\/api\/wp\/v2\/posts\/1568","targetHints":{"allow":["GET"]}}],"collection":[{"href":"https:\/\/www.tranviasdezaragoza.es\/api\/wp\/v2\/posts"}],"about":[{"href":"https:\/\/www.tranviasdezaragoza.es\/api\/wp\/v2\/types\/post"}],"author":[{"embeddable":true,"href":"https:\/\/www.tranviasdezaragoza.es\/api\/wp\/v2\/users\/1"}],"replies":[{"embeddable":true,"href":"https:\/\/www.tranviasdezaragoza.es\/api\/wp\/v2\/comments?post=1568"}],"version-history":[{"count":0,"href":"https:\/\/www.tranviasdezaragoza.es\/api\/wp\/v2\/posts\/1568\/revisions"}],"wp:attachment":[{"href":"https:\/\/www.tranviasdezaragoza.es\/api\/wp\/v2\/media?parent=1568"}],"wp:term":[{"taxonomy":"category","embeddable":true,"href":"https:\/\/www.tranviasdezaragoza.es\/api\/wp\/v2\/categories?post=1568"},{"taxonomy":"post_tag","embeddable":true,"href":"https:\/\/www.tranviasdezaragoza.es\/api\/wp\/v2\/tags?post=1568"}],"curies":[{"name":"wp","href":"https:\/\/api.w.org\/{rel}","templated":true}]}}