{"id":1493,"date":"2014-10-29T13:09:18","date_gmt":"2014-10-29T12:09:18","guid":{"rendered":"https:\/\/www.tranviasdezaragoza.es\/170-ciudades-han-visitado-ya-el-tranvia-de-zaragoza\/"},"modified":"2014-10-29T13:09:18","modified_gmt":"2014-10-29T12:09:18","slug":"170-ciudades-han-visitado-ya-el-tranvia-de-zaragoza","status":"publish","type":"post","link":"https:\/\/www.tranviasdezaragoza.es\/170-ciudades-han-visitado-ya-el-tranvia-de-zaragoza\/","title":{"rendered":"170 ciudades han visitado ya el Tranv\u00eda de Zaragoza"},"content":{"rendered":"<p>El Tranv&iacute;a de Zaragoza ha recibido este martes, 28 de octubre la visita de la ciudad n&uacute;mero 170 desde que la L&iacute;nea 1 est&aacute; en servicio. En esta ocasi&oacute;n, ha sido una delegaci&oacute;n de Luxemburgo, encabezada por Fran&ccedil;ois Bausch, ministro de Desarrollo Sostenible, y Lydie Polfer, alcaldesa de la ciudad de Luxemburgo. La urbe proyecta una l&iacute;nea de tranv&iacute;a de una longitud similar a la de Zaragoza y que atravesar&aacute;, como en Zaragoza, el centro de la ciudad.<\/p>\n<p>Los asistentes, que han viajado espec&iacute;ficamente desde Luxemburgo para conocer el Tranv&iacute;a de Zaragoza, le han dedicado una jornada completa, con un recorrido en Tranv&iacute;a por la ma&ntilde;ana desde el centro a Valdespartera, parando en distintos puntos; y una reuni&oacute;n por la tarde en las instalaciones de Cocheras, donde han podido comprobar el funcionamiento del Puesto de Control Central (PCC) y los talleres.<\/p>\n<p>Desde que el Tranv&iacute;a de Zaragoza se encuentra en servicio, se han recibido visitas procedentes de 58 pa&iacute;ses, tanto de Europa, como de Am&eacute;rica, Asia, &Aacute;frica y Ocean&iacute;a. El pa&iacute;s que en m&aacute;s ocasiones se ha interesado por el Tranv&iacute;a de Zaragoza ha sido Polonia, con 15 visitas; seguido de Francia, con 13. Por su parte, se han recibido 8 visitas procedentes de China.<\/p>\n","protected":false},"excerpt":{"rendered":"<p>Este martes, una delegaci\u00f3n de Luxemburgo, encabezada por el ministro de Desarrollo Sostenible del pa\u00eds, Fran\u00e7ois Bausch, y la alcaldesa de la ciudad de Luxemburgo, Lydie Polfer, han recorrido la L\u00ednea 1 y han conocido de primera mano las instalaciones del Tranv\u00eda en Valdespartera<\/p>\n","protected":false},"author":1,"featured_media":0,"comment_status":"open","ping_status":"closed","sticky":false,"template":"","format":"standard","meta":{"_et_pb_use_builder":"","_et_pb_old_content":"","_et_gb_content_width":"","footnotes":""},"categories":[11],"tags":[],"class_list":["post-1493","post","type-post","status-publish","format-standard","hentry","category-noticias"],"_links":{"self":[{"href":"https:\/\/www.tranviasdezaragoza.es\/api\/wp\/v2\/posts\/1493","targetHints":{"allow":["GET"]}}],"collection":[{"href":"https:\/\/www.tranviasdezaragoza.es\/api\/wp\/v2\/posts"}],"about":[{"href":"https:\/\/www.tranviasdezaragoza.es\/api\/wp\/v2\/types\/post"}],"author":[{"embeddable":true,"href":"https:\/\/www.tranviasdezaragoza.es\/api\/wp\/v2\/users\/1"}],"replies":[{"embeddable":true,"href":"https:\/\/www.tranviasdezaragoza.es\/api\/wp\/v2\/comments?post=1493"}],"version-history":[{"count":0,"href":"https:\/\/www.tranviasdezaragoza.es\/api\/wp\/v2\/posts\/1493\/revisions"}],"wp:attachment":[{"href":"https:\/\/www.tranviasdezaragoza.es\/api\/wp\/v2\/media?parent=1493"}],"wp:term":[{"taxonomy":"category","embeddable":true,"href":"https:\/\/www.tranviasdezaragoza.es\/api\/wp\/v2\/categories?post=1493"},{"taxonomy":"post_tag","embeddable":true,"href":"https:\/\/www.tranviasdezaragoza.es\/api\/wp\/v2\/tags?post=1493"}],"curies":[{"name":"wp","href":"https:\/\/api.w.org\/{rel}","templated":true}]}}