{"id":1488,"date":"2014-10-07T17:42:30","date_gmt":"2014-10-07T15:42:30","guid":{"rendered":"https:\/\/www.tranviasdezaragoza.es\/el-alcalde-inaugura-la-reforma-del-area-de-san-juan-de-los-panetes\/"},"modified":"2014-10-07T17:42:30","modified_gmt":"2014-10-07T15:42:30","slug":"el-alcalde-inaugura-la-reforma-del-area-de-san-juan-de-los-panetes","status":"publish","type":"post","link":"https:\/\/www.tranviasdezaragoza.es\/el-alcalde-inaugura-la-reforma-del-area-de-san-juan-de-los-panetes\/","title":{"rendered":"El Alcalde inaugura la reforma del \u00e1rea de San Juan de Los Panetes"},"content":{"rendered":"<p>El Alcalde de Zaragoza, Juan Alberto Belloch, ha inaugurado este martes, 7 de octubre, la <strong>reforma de la plaza de San Juan de los Panetes<\/strong>. En el mismo acto, se ha realizado un <strong>homenaje a las v&iacute;ctimas del atentado terrorista perpetrado en ese lugar el 30 de enero de 1987<\/strong>. A la ceremonia han asistido, entre otros, <strong>la Consejera de Servicios P&uacute;blicos y Movilidad, Carmen Dueso; el Comandante Militar de Zaragoza, Jer&oacute;nimo de Gregorio; el Delegado del Gobierno, Gustavo Alcalde; y el De&aacute;n del Cabildo Metropolitano, Manuel Almor; o la gerente de Los Tranv&iacute;as de Zaragoza, Ana Moreno.<\/strong> Tambi&eacute;n han estado presentes distintos familiares y amigos de las v&iacute;ctimas del atentado.<\/p>\n<p>El Alcalde de Zaragoza, que ha destacado el <strong>proceso de participaci&oacute;n ciudadana realizado a lo largo de la elaboraci&oacute;n de este proyecto<\/strong>, ha destacado tambi&eacute;n el hecho de que se haya incluido en la plaza un homenaje a las v&iacute;ctimas del atentado: &quot;Recordarles dignifica a la ciudad, al pa&iacute;s y a la naci&oacute;n que lo hace. Es importante mantener viva su memoria&quot;.<\/p>\n<p>&nbsp;<\/p>\n<p><strong>M&aacute;s espacio para los peatones<\/strong><\/p>\n<p>Las obras de la segunda fase de la reforma del entorno de&nbsp; las Murallas Romanas y San Juan de los Panetes, derivadas de la construcci&oacute;n de la L&iacute;nea 1 del&nbsp; Tranv&iacute;a de Zaragoza,&nbsp; han supuesto una <strong>mejora sustancial para los ciudadanos <\/strong>y han incorporado una inscripci&oacute;n en memoria de las V&iacute;ctimas del atentado terrorista del 30 de enero de 1987, as&iacute; como la instalaci&oacute;n escult&oacute;rica `Corazones rotos&#39;, tambi&eacute;n en homenaje a las v&iacute;ctimas.<\/p>\n<p>La consultora <strong>IDOM\/ACXT<\/strong> ha realizado el proyecto inicial y en su concepci&oacute;n conjunta en la zona se ha contado con un <strong>proceso de participaci&oacute;n ciudadana a trav&eacute;s de una consulta con 2.700 aportaciones<\/strong>, canalizadas meses atr&aacute;s en la p&aacute;gina web del Ayuntamiento de Zaragoza, as&iacute; como con la opini&oacute;n el Colegio de Arquitectos y del Colegio de Ingenieros.<\/p>\n<p>Entre sus objetivos generales, la propuesta garantiza la <strong>correcta accesibilidad a la Plaza del Pilar, la prevalencia del peat&oacute;n sobre el tr&aacute;fico rodado<\/strong>, con todos los elementos a ras de suelo y la puesta en valor del importante Patrimonio Hist&oacute;rico-Art&iacute;stico de la zona.<\/p>\n<p>En la<strong> iglesia de San Juan de los Panetes<\/strong>, tras la autorizaci&oacute;n del Departamento de Patrimonio, <strong>se ha renovado completamente la escalinata<\/strong>, convirti&eacute;ndola&nbsp; en un grader&iacute;o con amplias dimensiones, realizado con <strong>piedra de La Puebla de Albort&oacute;n<\/strong>,&nbsp; orientado al norte. Tiene una forma de abanico m&aacute;s abierto ligeramente del lado oeste, hacia las Murallas.<\/p>\n<p>Zaragoza recupera en el conjunto del &aacute;mbito de actuaci&oacute;n en Murallas Romanas y San Juan de los Panetes&nbsp; 4<strong>.188 m&sup2;, con 3.220 de superficie peatonal<\/strong>. Con la intervenci&oacute;n se gana la comodidad del solado <strong>sin desniveles<\/strong>, que invita a pasear, descansar e interactuar con las ofertas de la zona y tambi&eacute;n a recorrer el espacio de la Plaza del Pilar, como un tr&aacute;nsito natural, coordinado y ordenado.<\/p>\n<p>&nbsp;<\/p>\n<p><strong>Homenaje a las v&iacute;ctimas del atentado<\/strong><\/p>\n<p>El espacio renovado, cuyo presupuesto, con Los Tranv&iacute;as de Zaragoza, es de&nbsp; alrededor de <strong>371.000 euros<\/strong>, ha mejorado sustancialmente su iluminaci&oacute;n y contiene en la pared del grader&iacute;o, orientada a la plaza del Pilar, una inscripci&oacute;n de recuerdo por las v&iacute;ctimas del atentado de la banda terrorista ETA en este lugar el 30 de enero de 1987.<\/p>\n<p>Unos metros m&aacute;s all&aacute;, junto a un &aacute;rbol y situada en el suelo, se halla la intervenci&oacute;n art&iacute;stica del escultor y pintor <strong>Carlos Garc&iacute;a Lahoz <\/strong>(Zaragoza, 1969), titulada &quot;Corazones rotos&quot;. Esta obra, realizada a petici&oacute;n de la Asociaci&oacute;n de V&iacute;ctimas del Terrorismo,&nbsp; es una donaci&oacute;n del propio artista y desarrolla un coraz&oacute;n roto, &quot;pero que late en medio de la barbarie terrorista. Late en la oscuridad&quot;, seg&uacute;n explica.<\/p>\n<p>Realizado en acero inoxidable, con pintura roja y negra (la oscuridad terrorista), tiene unas dimensiones de 40cm por 35 cm y est&aacute; incrustado en piedra. Carlos Garc&iacute;a Lahoz es un autor que acaba de exponer con gran &eacute;xito 25 esculturas en el Centro de Arte y Naturaleza de Huesca, como una afirmaci&oacute;n por los valores de la vida, que tambi&eacute;n repite en su intervenci&oacute;n en la zona de la iglesia de los Panetes.<\/p>\n","protected":false},"excerpt":{"rendered":"<p>Las obras, derivadas de la implantaci\u00f3n de la L\u00ednea 1 del Tranv\u00eda de Zaragoza, han generado 3.220 m2 de zona peatonal sin desniveles<\/p>\n","protected":false},"author":1,"featured_media":0,"comment_status":"open","ping_status":"closed","sticky":false,"template":"","format":"standard","meta":{"_et_pb_use_builder":"","_et_pb_old_content":"","_et_gb_content_width":"","footnotes":""},"categories":[11],"tags":[],"class_list":["post-1488","post","type-post","status-publish","format-standard","hentry","category-noticias"],"_links":{"self":[{"href":"https:\/\/www.tranviasdezaragoza.es\/api\/wp\/v2\/posts\/1488","targetHints":{"allow":["GET"]}}],"collection":[{"href":"https:\/\/www.tranviasdezaragoza.es\/api\/wp\/v2\/posts"}],"about":[{"href":"https:\/\/www.tranviasdezaragoza.es\/api\/wp\/v2\/types\/post"}],"author":[{"embeddable":true,"href":"https:\/\/www.tranviasdezaragoza.es\/api\/wp\/v2\/users\/1"}],"replies":[{"embeddable":true,"href":"https:\/\/www.tranviasdezaragoza.es\/api\/wp\/v2\/comments?post=1488"}],"version-history":[{"count":0,"href":"https:\/\/www.tranviasdezaragoza.es\/api\/wp\/v2\/posts\/1488\/revisions"}],"wp:attachment":[{"href":"https:\/\/www.tranviasdezaragoza.es\/api\/wp\/v2\/media?parent=1488"}],"wp:term":[{"taxonomy":"category","embeddable":true,"href":"https:\/\/www.tranviasdezaragoza.es\/api\/wp\/v2\/categories?post=1488"},{"taxonomy":"post_tag","embeddable":true,"href":"https:\/\/www.tranviasdezaragoza.es\/api\/wp\/v2\/tags?post=1488"}],"curies":[{"name":"wp","href":"https:\/\/api.w.org\/{rel}","templated":true}]}}