{"id":1481,"date":"2014-07-31T11:30:24","date_gmt":"2014-07-31T09:30:24","guid":{"rendered":"https:\/\/www.tranviasdezaragoza.es\/horarios-agosto-2014\/"},"modified":"2014-07-31T11:30:24","modified_gmt":"2014-07-31T09:30:24","slug":"horarios-agosto-2014","status":"publish","type":"post","link":"https:\/\/www.tranviasdezaragoza.es\/horarios-agosto-2014\/","title":{"rendered":"Horarios Agosto 2014"},"content":{"rendered":"<p>El Tranv&iacute;a adec&uacute;a sus frecuencias a la demanda de agosto en d&iacute;as laborables. S&aacute;bados, domingos y festivos se mantienen invariables con respecto a julio.<\/p>\n<table border=\"1\" cellpadding=\"0\" cellspacing=\"0\">\n<tbody>\n<tr>\n<td style=\"width: 288px;\">\n<p><strong>Horario<\/strong><\/p>\n<\/td>\n<td style=\"width: 288px;\">\n<p><strong>Intervalo de paso (en minutos)<\/strong><\/p>\n<\/td>\n<\/tr>\n<tr>\n<td style=\"width: 288px;\">\n<p>05.00 &ndash; 07.30h<\/p>\n<\/td>\n<td style=\"width: 288px;\">\n<p align=\"center\">20<\/p>\n<\/td>\n<\/tr>\n<tr>\n<td style=\"width: 288px;\">\n<p>07.30 &ndash; 10.00h<\/p>\n<\/td>\n<td style=\"width: 288px;\">\n<p align=\"center\">8<\/p>\n<\/td>\n<\/tr>\n<tr>\n<td style=\"width: 288px;\">\n<p>10.00 &ndash; 14.30h<\/p>\n<\/td>\n<td style=\"width: 288px;\">\n<p align=\"center\">9<\/p>\n<\/td>\n<\/tr>\n<tr>\n<td style=\"width: 288px;\">\n<p>14.30 &ndash; 17.30h<\/p>\n<\/td>\n<td style=\"width: 288px;\">\n<p align=\"center\">10<\/p>\n<\/td>\n<\/tr>\n<tr>\n<td style=\"width: 288px;\">\n<p>17.30 &ndash; 20.00h<\/p>\n<\/td>\n<td style=\"width: 288px;\">\n<p align=\"center\">8<\/p>\n<\/td>\n<\/tr>\n<tr>\n<td style=\"width: 288px;\">\n<p>20.00 &ndash; 22.15h<\/p>\n<\/td>\n<td style=\"width: 288px;\">\n<p align=\"center\">10<\/p>\n<\/td>\n<\/tr>\n<tr>\n<td style=\"width: 288px;\">\n<p>22.15 &ndash; 00.30h<\/p>\n<\/td>\n<td style=\"width: 288px;\">\n<p align=\"center\">15<\/p>\n<\/td>\n<\/tr>\n<\/tbody>\n<\/table>\n","protected":false},"excerpt":{"rendered":"<p>El Tranv\u00eda adec\u00faa sus frecuencias a la demanda de agosto en d\u00edas laborables. S\u00e1bados, domingos y festivos se mantienen invariables con respecto a julio.<\/p>\n","protected":false},"author":1,"featured_media":0,"comment_status":"open","ping_status":"closed","sticky":false,"template":"","format":"standard","meta":{"_et_pb_use_builder":"","_et_pb_old_content":"","_et_gb_content_width":"","footnotes":""},"categories":[11],"tags":[],"class_list":["post-1481","post","type-post","status-publish","format-standard","hentry","category-noticias"],"_links":{"self":[{"href":"https:\/\/www.tranviasdezaragoza.es\/api\/wp\/v2\/posts\/1481","targetHints":{"allow":["GET"]}}],"collection":[{"href":"https:\/\/www.tranviasdezaragoza.es\/api\/wp\/v2\/posts"}],"about":[{"href":"https:\/\/www.tranviasdezaragoza.es\/api\/wp\/v2\/types\/post"}],"author":[{"embeddable":true,"href":"https:\/\/www.tranviasdezaragoza.es\/api\/wp\/v2\/users\/1"}],"replies":[{"embeddable":true,"href":"https:\/\/www.tranviasdezaragoza.es\/api\/wp\/v2\/comments?post=1481"}],"version-history":[{"count":0,"href":"https:\/\/www.tranviasdezaragoza.es\/api\/wp\/v2\/posts\/1481\/revisions"}],"wp:attachment":[{"href":"https:\/\/www.tranviasdezaragoza.es\/api\/wp\/v2\/media?parent=1481"}],"wp:term":[{"taxonomy":"category","embeddable":true,"href":"https:\/\/www.tranviasdezaragoza.es\/api\/wp\/v2\/categories?post=1481"},{"taxonomy":"post_tag","embeddable":true,"href":"https:\/\/www.tranviasdezaragoza.es\/api\/wp\/v2\/tags?post=1481"}],"curies":[{"name":"wp","href":"https:\/\/api.w.org\/{rel}","templated":true}]}}